{"id":35055,"date":"2024-04-13T02:50:09","date_gmt":"2024-04-13T07:50:09","guid":{"rendered":"https:\/\/politicosaldesnudo.com.mx\/?p=35055"},"modified":"2024-04-13T02:50:09","modified_gmt":"2024-04-13T07:50:09","slug":"incrementa-sequia-en-la-region","status":"publish","type":"post","link":"https:\/\/politicosaldesnudo.com.mx\/index.php\/2024\/04\/13\/incrementa-sequia-en-la-region\/","title":{"rendered":"Incrementa sequ\u00eda en la regi\u00f3n"},"content":{"rendered":"<p><span style=\"font-size: 14pt;\">Tuxpan.- Esta semana se registr\u00f3 un incremento en el n\u00famero de municipios con sequ\u00eda en el estado, pues pasa de 114 a 124, de acuerdo a lo informado por el Comit\u00e9 de Meteorolog\u00eda de la Secretar\u00eda de Protecci\u00f3n Civil de Veracruz.<\/span><\/p>\n<p><span style=\"font-size: 14pt;\">Asimismo 65 de estos municipios se encuentran en sequ\u00eda moderada, 18 en sequ\u00eda severa, 24 en Sequ\u00eda extrema y 17 en sequ\u00eda excepcional.<\/span><\/p>\n<p><span style=\"font-size: 14pt;\">De acuerdo con las cifras son el 58.5% de los municipios en el estado los que presentan est\u00e1 problem\u00e1tica.<\/span><\/p>\n<p><span style=\"font-size: 14pt;\">Tal situaci\u00f3n ha preocupado tanto a ganaderos como a agricultores de la regi\u00f3n puesto que ya presentaban problemas con la escasez de agua que se viv\u00eda en el puerto de Tuxpan, sin embargo, con el aumento de las temperaturas que se han registrado en los \u00faltimos d\u00edas, y la falta de lluvias, se empieza a padecer tambi\u00e9n la falta de agua para el consumo del ganado y la hidrataci\u00f3n de los cultivos.<\/span><\/p>\n<p><span style=\"font-size: 14pt;\">Manifestaron que esta situaci\u00f3n les afecta mucho econ\u00f3micamente debido a que deben implementar medidas de adaptaciones al cambio clim\u00e1tico y soluciones que garanticen el que podr\u00e1n continuar con su producci\u00f3n sin afectar gravemente su econom\u00eda.<\/span><\/p>\n<p><span style=\"font-size: 14pt;\">En este sentido esperan el apoyo de las autoridades tanto locales como estatales y federales, mismos que en estos momentos frenaron todo tipo de ayuda por motivos electorales, sin embargo, una vez pasado el proceso tocar\u00e1n puertas para recibir la ayuda necesaria en este tema.<\/span><\/p>\n","protected":false},"excerpt":{"rendered":"<p>Tuxpan.- Esta semana se registr\u00f3 un incremento en el n\u00famero de municipios con sequ\u00eda en el estado, pues pasa de<\/p>\n","protected":false},"author":4,"featured_media":35056,"comment_status":"closed","ping_status":"closed","sticky":false,"template":"","format":"standard","meta":{"colormag_page_container_layout":"default_layout","colormag_page_sidebar_layout":"default_layout","_jetpack_memberships_contains_paid_content":false,"footnotes":"","jetpack_publicize_message":"","jetpack_publicize_feature_enabled":true,"jetpack_social_post_already_shared":false,"jetpack_social_options":{"image_generator_settings":{"template":"highway","default_image_id":0,"font":"","enabled":false},"version":2}},"categories":[1082],"tags":[],"class_list":["post-35055","post","type-post","status-publish","format-standard","has-post-thumbnail","hentry","category-tuxpan"],"jetpack_publicize_connections":[],"jetpack_featured_media_url":"https:\/\/i0.wp.com\/politicosaldesnudo.com.mx\/wp-content\/uploads\/2024\/04\/5c-1.jpg?fit=1140%2C712&ssl=1","jetpack-related-posts":[],"jetpack_sharing_enabled":true,"_links":{"self":[{"href":"https:\/\/politicosaldesnudo.com.mx\/index.php\/wp-json\/wp\/v2\/posts\/35055","targetHints":{"allow":["GET"]}}],"collection":[{"href":"https:\/\/politicosaldesnudo.com.mx\/index.php\/wp-json\/wp\/v2\/posts"}],"about":[{"href":"https:\/\/politicosaldesnudo.com.mx\/index.php\/wp-json\/wp\/v2\/types\/post"}],"author":[{"embeddable":true,"href":"https:\/\/politicosaldesnudo.com.mx\/index.php\/wp-json\/wp\/v2\/users\/4"}],"replies":[{"embeddable":true,"href":"https:\/\/politicosaldesnudo.com.mx\/index.php\/wp-json\/wp\/v2\/comments?post=35055"}],"version-history":[{"count":0,"href":"https:\/\/politicosaldesnudo.com.mx\/index.php\/wp-json\/wp\/v2\/posts\/35055\/revisions"}],"wp:featuredmedia":[{"embeddable":true,"href":"https:\/\/politicosaldesnudo.com.mx\/index.php\/wp-json\/wp\/v2\/media\/35056"}],"wp:attachment":[{"href":"https:\/\/politicosaldesnudo.com.mx\/index.php\/wp-json\/wp\/v2\/media?parent=35055"}],"wp:term":[{"taxonomy":"category","embeddable":true,"href":"https:\/\/politicosaldesnudo.com.mx\/index.php\/wp-json\/wp\/v2\/categories?post=35055"},{"taxonomy":"post_tag","embeddable":true,"href":"https:\/\/politicosaldesnudo.com.mx\/index.php\/wp-json\/wp\/v2\/tags?post=35055"}],"curies":[{"name":"wp","href":"https:\/\/api.w.org\/{rel}","templated":true}]}}