{"id":35076,"date":"2024-04-13T03:05:11","date_gmt":"2024-04-13T08:05:11","guid":{"rendered":"https:\/\/politicosaldesnudo.com.mx\/?p=35076"},"modified":"2024-04-13T03:05:11","modified_gmt":"2024-04-13T08:05:11","slug":"reforma-a-pensiones-para-defender-el-patrimonio-de-trabajadores-amlo","status":"publish","type":"post","link":"https:\/\/politicosaldesnudo.com.mx\/index.php\/2024\/04\/13\/reforma-a-pensiones-para-defender-el-patrimonio-de-trabajadores-amlo\/","title":{"rendered":"Reforma a pensiones, para defender el patrimonio de trabajadores: AMLO"},"content":{"rendered":"<p><span style=\"font-size: 14pt;\">La reforma en materia de pensiones de los trabajadores pretende defender su patrimonio no quit\u00e1rselos sostuvo el presidente Andr\u00e9s Manuel L\u00f3pez Obrador. \u00abNo somos iguales a los saqueadores de antes. Esta reforma no es para perjudicar a los trabajadores es para mejorar la situaci\u00f3n de los que van a jubilarse, que reciban m\u00e1s, pero todo esto ayuda , toda esta manipulaci\u00f3n porque son muy torpes.\u00bb<\/span><\/p>\n<p class=\"western\"><span style=\"font-size: 14pt;\">Consider\u00f3 que las cr\u00edticas que se han vertido contra estas modificaciones obedecen a que quienes las realizan tienen intereses con los que anteriormente manejaban las Afores. \u00abEse fondo que se pretende crear ( para financiar la ampliaci\u00f3n de los pagos a los trabajadores que se jubilen que ahora reciben la tercera parte de un salido) tiene varias fuentes de financiamiento\u00bb \u00a0<\/span><\/p>\n<p class=\"western\"><span style=\"font-size: 14pt;\">Cuesti\u00f3no que a pesar de que ya hay una disposici\u00f3n legal que obliga a las empresas que manejan las Afores a devolver los fondos que no se reclaman porque , \u00abest\u00e1 establecido que deben entregarlo al IMSS pero no lo hacen.\u00a0 Queremos que esa disposici\u00f3n quede establecido claramente para que una parte de los recursos que no tienen que ver con cuentas individuales, porque son fondos que se producen porque hay trabajadores que no reclaman sus ahorros sean devueltas pero que que no se lo queden las Afores,,se devuelvan al gobierno para la creaci\u00f3n de este fondo\u00bb<\/span><\/p>\n<p class=\"western\"><span style=\"font-size: 14pt;\">L\u00f3pez Obrador dijo que este nuevo debate permite recordar las reformas aprobadas por Ernesto Zedillo y Felipe Calder\u00f3n que si significaron una gran p\u00e9rdida para los trabajadores pues a partir de entonces un trabajador que se jubilaba con un salario d diez mil pesos cobraban solo tres mil.<\/span><\/p>\n<p class=\"western\"><span style=\"font-size: 14pt;\">Se\u00f1al\u00f3 que su gobierno hizo dos reformas fundamentales pero insuficientes hasta ahora. Una muy importante \u00a0por decisi\u00f3n propia los empresarios \u00a0al darse cuenta que era una gran injusticia para los trabajadores deciden aumentar sus cuotas pagadas al IMSS para sus jubilaciones para que reciban m\u00e1s los trabajadores al \u00a0jubilarse. Esta medida la apoyaron \u00a0todos las dirigentes de las organizaciones empresariales.\u00a0<\/span><\/p>\n<p class=\"western\"><span style=\"font-size: 14pt;\">\u00abEscuchaba al que manejaba las Afores en el sexenio pasado que ahora est\u00e1 \u00a0inconforme porque cuando llegaron las Afores cobraban comisiones alt\u00edsimas, por encima de lo que se cobraba en el mundo.,enviamos una reforma para reducir el monto de las comisiones.<\/span><\/p>\n<p class=\"western\"><span style=\"font-size: 14pt;\">Hasta hace poco me inform\u00f3 el secretario de Hacienda que por esa medida que tomamos de reducir cobro de comisiones los trabajadores hab\u00edan recuperado poco m\u00e1s de 120 mil millones de pesos que se quedaban con las Afores. \u00abHubo protestas a estas modificaciones \u00a0pero resistimos por eso estimamos pero se cerrar\u00e1 con 150 mil millones de pesos para los trabajadores\u00bb.<\/span><\/p>\n<p class=\"western\"><span style=\"font-size: 14pt;\">Sin embargo, el presidente enfatiz\u00f3 que a pesar de estas dos medidas que hicimos no alcanza, si estamos hablando del ejemplo de diez mil pesos, \u00a0lo que hemos hecho va a significar que los trabajadores puedan recibir hasta cinco mil.\u00a0<\/span><\/p>\n<p class=\"western\"><span style=\"font-size: 14pt;\">Otra medida es para crear un fondo compensatorio para jubilaciones \u00abpara que quien se jubile con estas leyes anti laborales puedan recibir una cantidad mayor. Estamos buscando que sea el equivalente a su sueldo, eso significa tener fondo especial compensatorio que lo va a manejar el banco de M\u00e9xico.\u00bb<\/span><\/p>\n<p class=\"western\"><span style=\"font-size: 14pt;\">Por eso se crear\u00e1 este fondo a partir de la devoluci\u00f3n de estas cuentas no reclamadas y con recursos de las utilidades de las empresas que manejan los militares y con los decomisos y recursos del Instituto para Devolverle al,Pueblo Lo Robado.<\/span><\/p>\n","protected":false},"excerpt":{"rendered":"<p>La reforma en materia de pensiones de los trabajadores pretende defender su patrimonio no quit\u00e1rselos sostuvo el presidente Andr\u00e9s Manuel<\/p>\n","protected":false},"author":4,"featured_media":35077,"comment_status":"closed","ping_status":"closed","sticky":false,"template":"","format":"standard","meta":{"colormag_page_container_layout":"default_layout","colormag_page_sidebar_layout":"default_layout","_jetpack_memberships_contains_paid_content":false,"footnotes":"","jetpack_publicize_message":"","jetpack_publicize_feature_enabled":true,"jetpack_social_post_already_shared":false,"jetpack_social_options":{"image_generator_settings":{"template":"highway","default_image_id":0,"font":"","enabled":false},"version":2}},"categories":[33],"tags":[45,1225,671,408],"class_list":["post-35076","post","type-post","status-publish","format-standard","has-post-thumbnail","hentry","category-nacional","tag-amlo","tag-patrimonio","tag-pensiones","tag-reforma"],"jetpack_publicize_connections":[],"jetpack_featured_media_url":"https:\/\/i0.wp.com\/politicosaldesnudo.com.mx\/wp-content\/uploads\/2024\/04\/reforma-a-pensiones-para-defender-el-patrimonio-de-trabajadores-amlo-425html-trabajadoresjpg-603html-a7f9ab34-8f41-417f-b5d5-f528b3cc9232.webp?fit=1024%2C682&ssl=1","jetpack-related-posts":[],"jetpack_sharing_enabled":true,"_links":{"self":[{"href":"https:\/\/politicosaldesnudo.com.mx\/index.php\/wp-json\/wp\/v2\/posts\/35076","targetHints":{"allow":["GET"]}}],"collection":[{"href":"https:\/\/politicosaldesnudo.com.mx\/index.php\/wp-json\/wp\/v2\/posts"}],"about":[{"href":"https:\/\/politicosaldesnudo.com.mx\/index.php\/wp-json\/wp\/v2\/types\/post"}],"author":[{"embeddable":true,"href":"https:\/\/politicosaldesnudo.com.mx\/index.php\/wp-json\/wp\/v2\/users\/4"}],"replies":[{"embeddable":true,"href":"https:\/\/politicosaldesnudo.com.mx\/index.php\/wp-json\/wp\/v2\/comments?post=35076"}],"version-history":[{"count":0,"href":"https:\/\/politicosaldesnudo.com.mx\/index.php\/wp-json\/wp\/v2\/posts\/35076\/revisions"}],"wp:featuredmedia":[{"embeddable":true,"href":"https:\/\/politicosaldesnudo.com.mx\/index.php\/wp-json\/wp\/v2\/media\/35077"}],"wp:attachment":[{"href":"https:\/\/politicosaldesnudo.com.mx\/index.php\/wp-json\/wp\/v2\/media?parent=35076"}],"wp:term":[{"taxonomy":"category","embeddable":true,"href":"https:\/\/politicosaldesnudo.com.mx\/index.php\/wp-json\/wp\/v2\/categories?post=35076"},{"taxonomy":"post_tag","embeddable":true,"href":"https:\/\/politicosaldesnudo.com.mx\/index.php\/wp-json\/wp\/v2\/tags?post=35076"}],"curies":[{"name":"wp","href":"https:\/\/api.w.org\/{rel}","templated":true}]}}