{"id":35079,"date":"2024-04-13T03:07:47","date_gmt":"2024-04-13T08:07:47","guid":{"rendered":"https:\/\/politicosaldesnudo.com.mx\/?p=35079"},"modified":"2024-04-13T03:07:47","modified_gmt":"2024-04-13T08:07:47","slug":"indispensable-la-colaboracion-entre-poderes-en-un-estado-constitucional-pina","status":"publish","type":"post","link":"https:\/\/politicosaldesnudo.com.mx\/index.php\/2024\/04\/13\/indispensable-la-colaboracion-entre-poderes-en-un-estado-constitucional-pina\/","title":{"rendered":"Indispensable, la colaboraci\u00f3n entre poderes en un Estado constitucional: Pi\u00f1a"},"content":{"rendered":"<p><span style=\"font-size: 14pt;\">Es indispensable la colaboraci\u00f3n entre poderes en un Estado constitucional\u00a0as\u00ed como la necesidad de impulsar el trabajo conjunto para el desarrollo de estrategias digitales que impacten de manera positiva en el funcionamiento del Poder Judicial de la Federaci\u00f3n (PJF), se\u00f1al\u00f3 la ministra Norma Luc\u00eda Pi\u00f1a Hern\u00e1ndez.<\/span><\/p>\n<p><span style=\"font-size: 14pt;\">Lo anterior durante un acto en el que el Consejo de la Judicatura Federal (CJF) y la C\u00e1mara de Diputados firmaron tres convenios de colaboraci\u00f3n en materia de interconexi\u00f3n.<\/span><\/p>\n<p><span style=\"font-size: 14pt;\">Pi\u00f1a Hern\u00e1ndez se\u00f1al\u00f3 la relevancia de los sistemas electr\u00f3nicos de informaci\u00f3n es tal, que el acceso a estos medios es considerado un derecho humano; por ello, la tecnolog\u00eda es una aliada en la protecci\u00f3n de los derechos y el acceso a la justicia.<\/span><\/p>\n<p><span style=\"font-size: 14pt;\">Dijo que que \u201ccon las bondades del uso de la tecnolog\u00eda en la administraci\u00f3n de justicia buscamos estar m\u00e1s cerca de las personas, dot\u00e1ndolas de plataformas con informaci\u00f3n sencilla, directa, transparente y segura, porque el acceso a la justicia nunca debe ser el privilegio para unos cuantos, sino algo alcanzable para todas las personas en nuestro pa\u00eds\u201d.<\/span><\/p>\n<p><span style=\"font-size: 14pt;\">La tambi\u00e9n presidenta de la Suprema Corte de Justicia de la Naci\u00f3n (SCJN) mencion\u00f3 que que estos convenios de interconexi\u00f3n servir\u00e1n para tejer redes de comunicaci\u00f3n y colaboraci\u00f3n sin precedentes al entrelazar sistemas inform\u00e1ticos, para abrir caminos que trasciendan fronteras f\u00edsicas y burocr\u00e1ticas.<\/span><\/p>\n<p><span style=\"font-size: 14pt;\">\u201cCon estos convenios tendemos un puente de colaboraci\u00f3n entre dos Poderes de la Uni\u00f3n, en beneficio exclusivo de la sociedad a la que servimos\u201d, dijo la ministra Pi\u00f1a Hern\u00e1ndez, quien agreg\u00f3, \u201cal propiciar la interdependencia tecnolog\u00eda creamos un espacio donde convergen la experiencia y la innovaci\u00f3n para establecer las condiciones que contribuyan a cumplir nuestras atribuciones y garantizar los derechos de las y los mexicanos\u201d.<\/span><\/p>\n<p><span style=\"font-size: 14pt;\">Este acto, agreg\u00f3, refleja la disposici\u00f3n de colaboraci\u00f3n institucional para afrontar de manera decidida el complejo proceso de impulsar la transici\u00f3n digital en el acceso a la justicia pronta, expedita y gratuita.<\/span><\/p>\n<p><span style=\"font-size: 14pt;\">A la firma de convenios realizado en la SCJN asisti\u00f3 la presidenta de la Mesa Directiva de la C\u00e1mara de Diputados, Marcela Guerra Castillo; el consejero de la Judicatura Federal, Jos\u00e9 Alfonso Montalvo Mart\u00ednez; el magistrado Benjam\u00edn Rubio Ch\u00e1vez, director general de Gesti\u00f3n Judicial del CJF; el juez Daniel \u00c1lvarez Toledo, coordinador general de Planeaci\u00f3n Institucional del CJF, y Mar\u00eda Cristina Mart\u00edn Escobar, secretaria general de la Presidencia del Consejo.<\/span><\/p>\n","protected":false},"excerpt":{"rendered":"<p>Es indispensable la colaboraci\u00f3n entre poderes en un Estado constitucional\u00a0as\u00ed como la necesidad de impulsar el trabajo conjunto para el<\/p>\n","protected":false},"author":4,"featured_media":35080,"comment_status":"closed","ping_status":"closed","sticky":false,"template":"","format":"standard","meta":{"colormag_page_container_layout":"default_layout","colormag_page_sidebar_layout":"default_layout","_jetpack_memberships_contains_paid_content":false,"footnotes":"","jetpack_publicize_message":"","jetpack_publicize_feature_enabled":true,"jetpack_social_post_already_shared":false,"jetpack_social_options":{"image_generator_settings":{"template":"highway","default_image_id":0,"font":"","enabled":false},"version":2}},"categories":[33],"tags":[3378,2013],"class_list":["post-35079","post","type-post","status-publish","format-standard","has-post-thumbnail","hentry","category-nacional","tag-estado","tag-norma-lucia-pina"],"jetpack_publicize_connections":[],"jetpack_featured_media_url":"https:\/\/i0.wp.com\/politicosaldesnudo.com.mx\/wp-content\/uploads\/2024\/04\/OIP.jpg?fit=474%2C268&ssl=1","jetpack-related-posts":[],"jetpack_sharing_enabled":true,"_links":{"self":[{"href":"https:\/\/politicosaldesnudo.com.mx\/index.php\/wp-json\/wp\/v2\/posts\/35079","targetHints":{"allow":["GET"]}}],"collection":[{"href":"https:\/\/politicosaldesnudo.com.mx\/index.php\/wp-json\/wp\/v2\/posts"}],"about":[{"href":"https:\/\/politicosaldesnudo.com.mx\/index.php\/wp-json\/wp\/v2\/types\/post"}],"author":[{"embeddable":true,"href":"https:\/\/politicosaldesnudo.com.mx\/index.php\/wp-json\/wp\/v2\/users\/4"}],"replies":[{"embeddable":true,"href":"https:\/\/politicosaldesnudo.com.mx\/index.php\/wp-json\/wp\/v2\/comments?post=35079"}],"version-history":[{"count":0,"href":"https:\/\/politicosaldesnudo.com.mx\/index.php\/wp-json\/wp\/v2\/posts\/35079\/revisions"}],"wp:featuredmedia":[{"embeddable":true,"href":"https:\/\/politicosaldesnudo.com.mx\/index.php\/wp-json\/wp\/v2\/media\/35080"}],"wp:attachment":[{"href":"https:\/\/politicosaldesnudo.com.mx\/index.php\/wp-json\/wp\/v2\/media?parent=35079"}],"wp:term":[{"taxonomy":"category","embeddable":true,"href":"https:\/\/politicosaldesnudo.com.mx\/index.php\/wp-json\/wp\/v2\/categories?post=35079"},{"taxonomy":"post_tag","embeddable":true,"href":"https:\/\/politicosaldesnudo.com.mx\/index.php\/wp-json\/wp\/v2\/tags?post=35079"}],"curies":[{"name":"wp","href":"https:\/\/api.w.org\/{rel}","templated":true}]}}