{"id":35085,"date":"2024-04-13T03:12:32","date_gmt":"2024-04-13T08:12:32","guid":{"rendered":"https:\/\/politicosaldesnudo.com.mx\/?p=35085"},"modified":"2024-04-13T03:12:32","modified_gmt":"2024-04-13T08:12:32","slug":"expresan-naciones-de-grupo-mikta-su-solidaridad-con-mexico","status":"publish","type":"post","link":"https:\/\/politicosaldesnudo.com.mx\/index.php\/2024\/04\/13\/expresan-naciones-de-grupo-mikta-su-solidaridad-con-mexico\/","title":{"rendered":"Expresan naciones de grupo MIKTA su solidaridad con M\u00e9xico"},"content":{"rendered":"<p><span style=\"font-size: 14pt;\">Corea del Sur, Australia, Indonesia y Turqu\u00eda -participantes junto con M\u00e9xico dentro del grupo MIKTA- expresaron este viernes su solidaridad con el gobierno mexicano frente al asalto de la embajada mexicana en Ecuador.<\/span><\/p>\n<p><span style=\"font-size: 14pt;\">Manifestaron en una declaraci\u00f3n su preocupaci\u00f3n por la violaci\u00f3n de la integridad de la embajada y la violencia ejercida por la pol\u00edcia ecuatoriana contra personal diplom\u00e1tico mexicano.<\/span><\/p>\n<p><span style=\"font-size: 14pt;\">\u201cEste acontecimiento establece un grave precedente en menoscabo de la Convenci\u00f3n de Viena sobre Relaciones Diplom\u00e1ticas, en particular, del principio de inviolabilidad de las instalaciones diplom\u00e1ticas y de su personal\u201d, se\u00f1alaron los ministros del MIKTA, espacio informal para el di\u00e1logo de potencias medias creado en 2013.<\/span><\/p>\n<p><span style=\"font-size: 14pt;\">Los cuatro gobiernos llamaron al pleno respecto del derecho internacional, a abstenerse de cualquier acci\u00f3n unilateral que pueda amenazar las relaciones cordiales entre pa\u00edses, as\u00ed como a resolver todas las diferencias a trav\u00e9s de medios pac\u00edficos.<\/span><\/p>\n<p><span style=\"font-size: 14pt;\">M\u00e9xico, a trav\u00e9s de la Secretar\u00eda de Relaciones Exteriores (SRE), agradeci\u00f3 la solidaridad expresada por sus socios en MIKTA, cuyo objetivo fundamental es fortalecer los v\u00ednculos bilaterales entre sus miembros, as\u00ed como impulsar la cooperaci\u00f3n y promover la coordinaci\u00f3n en temas globales de inter\u00e9s com\u00fan.<\/span><\/p>\n","protected":false},"excerpt":{"rendered":"<p>Corea del Sur, Australia, Indonesia y Turqu\u00eda -participantes junto con M\u00e9xico dentro del grupo MIKTA- expresaron este viernes su solidaridad<\/p>\n","protected":false},"author":4,"featured_media":35086,"comment_status":"closed","ping_status":"closed","sticky":false,"template":"","format":"standard","meta":{"colormag_page_container_layout":"default_layout","colormag_page_sidebar_layout":"default_layout","_jetpack_memberships_contains_paid_content":false,"footnotes":"","jetpack_publicize_message":"","jetpack_publicize_feature_enabled":true,"jetpack_social_post_already_shared":false,"jetpack_social_options":{"image_generator_settings":{"template":"highway","default_image_id":0,"font":"","enabled":false},"version":2}},"categories":[33],"tags":[],"class_list":["post-35085","post","type-post","status-publish","format-standard","has-post-thumbnail","hentry","category-nacional"],"jetpack_publicize_connections":[],"jetpack_featured_media_url":"https:\/\/i0.wp.com\/politicosaldesnudo.com.mx\/wp-content\/uploads\/2024\/04\/expresan-naciones-de-grupo-mikta-su-solidaridad-con-mexico-3673html-miktajpg-3634html-030552c3-ca58-4a3e-9d93-afecc249fe40.webp?fit=650%2C380&ssl=1","jetpack-related-posts":[],"jetpack_sharing_enabled":true,"_links":{"self":[{"href":"https:\/\/politicosaldesnudo.com.mx\/index.php\/wp-json\/wp\/v2\/posts\/35085","targetHints":{"allow":["GET"]}}],"collection":[{"href":"https:\/\/politicosaldesnudo.com.mx\/index.php\/wp-json\/wp\/v2\/posts"}],"about":[{"href":"https:\/\/politicosaldesnudo.com.mx\/index.php\/wp-json\/wp\/v2\/types\/post"}],"author":[{"embeddable":true,"href":"https:\/\/politicosaldesnudo.com.mx\/index.php\/wp-json\/wp\/v2\/users\/4"}],"replies":[{"embeddable":true,"href":"https:\/\/politicosaldesnudo.com.mx\/index.php\/wp-json\/wp\/v2\/comments?post=35085"}],"version-history":[{"count":0,"href":"https:\/\/politicosaldesnudo.com.mx\/index.php\/wp-json\/wp\/v2\/posts\/35085\/revisions"}],"wp:featuredmedia":[{"embeddable":true,"href":"https:\/\/politicosaldesnudo.com.mx\/index.php\/wp-json\/wp\/v2\/media\/35086"}],"wp:attachment":[{"href":"https:\/\/politicosaldesnudo.com.mx\/index.php\/wp-json\/wp\/v2\/media?parent=35085"}],"wp:term":[{"taxonomy":"category","embeddable":true,"href":"https:\/\/politicosaldesnudo.com.mx\/index.php\/wp-json\/wp\/v2\/categories?post=35085"},{"taxonomy":"post_tag","embeddable":true,"href":"https:\/\/politicosaldesnudo.com.mx\/index.php\/wp-json\/wp\/v2\/tags?post=35085"}],"curies":[{"name":"wp","href":"https:\/\/api.w.org\/{rel}","templated":true}]}}