{"id":35118,"date":"2024-04-14T12:39:18","date_gmt":"2024-04-14T17:39:18","guid":{"rendered":"https:\/\/politicosaldesnudo.com.mx\/?p=35118"},"modified":"2024-04-14T12:39:18","modified_gmt":"2024-04-14T17:39:18","slug":"panchito-1-es-rey-de-la-alegria-y-david-1-rey-lgbtq-del-carnaval-tuxpan-2024","status":"publish","type":"post","link":"https:\/\/politicosaldesnudo.com.mx\/index.php\/2024\/04\/14\/panchito-1-es-rey-de-la-alegria-y-david-1-rey-lgbtq-del-carnaval-tuxpan-2024\/","title":{"rendered":"Panchito 1\u00b0 es Rey de la Alegr\u00eda y David 1\u00b0 Rey LGBTQ+ del Carnaval Tuxpan 2024"},"content":{"rendered":"<p><span style=\"font-size: 14pt;\">Tuxpan, Ver. \u2013 Ante una Plaza C\u00edvica abarrotada se llev\u00f3 a cabo el certamen para elegir al \u201cRey de la Alegr\u00eda\u201d del Carnaval Tuxpan 2024 \u201cLa Alegr\u00eda de Nuestra Gente\u201d, y se present\u00f3 a \u201cDavid 1\u00b0\u201d como Rey LGBTQ+.<\/span><\/p>\n<p><img data-recalc-dims=\"1\" loading=\"lazy\" decoding=\"async\" class=\"aligncenter size-large wp-image-35119\" src=\"https:\/\/i0.wp.com\/politicosaldesnudo.com.mx\/wp-content\/uploads\/2024\/04\/WhatsApp-Image-2024-04-14-at-11.11.27-1-1024x667.jpeg?resize=800%2C521&#038;ssl=1\" alt=\"\" width=\"800\" height=\"521\" srcset=\"https:\/\/i0.wp.com\/politicosaldesnudo.com.mx\/wp-content\/uploads\/2024\/04\/WhatsApp-Image-2024-04-14-at-11.11.27-1-scaled.jpeg?resize=1024%2C667&amp;ssl=1 1024w, https:\/\/i0.wp.com\/politicosaldesnudo.com.mx\/wp-content\/uploads\/2024\/04\/WhatsApp-Image-2024-04-14-at-11.11.27-1-scaled.jpeg?resize=300%2C196&amp;ssl=1 300w, https:\/\/i0.wp.com\/politicosaldesnudo.com.mx\/wp-content\/uploads\/2024\/04\/WhatsApp-Image-2024-04-14-at-11.11.27-1-scaled.jpeg?resize=768%2C500&amp;ssl=1 768w, https:\/\/i0.wp.com\/politicosaldesnudo.com.mx\/wp-content\/uploads\/2024\/04\/WhatsApp-Image-2024-04-14-at-11.11.27-1-scaled.jpeg?resize=1536%2C1001&amp;ssl=1 1536w, https:\/\/i0.wp.com\/politicosaldesnudo.com.mx\/wp-content\/uploads\/2024\/04\/WhatsApp-Image-2024-04-14-at-11.11.27-1-scaled.jpeg?resize=2048%2C1335&amp;ssl=1 2048w, https:\/\/i0.wp.com\/politicosaldesnudo.com.mx\/wp-content\/uploads\/2024\/04\/WhatsApp-Image-2024-04-14-at-11.11.27-1-scaled.jpeg?w=1600&amp;ssl=1 1600w, https:\/\/i0.wp.com\/politicosaldesnudo.com.mx\/wp-content\/uploads\/2024\/04\/WhatsApp-Image-2024-04-14-at-11.11.27-1-scaled.jpeg?w=2400&amp;ssl=1 2400w\" sizes=\"auto, (max-width: 800px) 100vw, 800px\" \/><\/p>\n<p><span style=\"font-size: 14pt;\">Cientos de personas, entre familiares y amigos de los participantes, as\u00ed como p\u00fablico en general apoyaron con porras el concurso en el que cada uno de los aspirantes mostr\u00f3 sus aptitudes, talento y carisma, en lo que fue una re\u00f1ida competencia.<\/span><\/p>\n<p><img data-recalc-dims=\"1\" loading=\"lazy\" decoding=\"async\" class=\"aligncenter size-large wp-image-35123\" src=\"https:\/\/i0.wp.com\/politicosaldesnudo.com.mx\/wp-content\/uploads\/2024\/04\/WhatsApp-Image-2024-04-14-at-11.11.28-3-1024x681.jpeg?resize=800%2C532&#038;ssl=1\" alt=\"\" width=\"800\" height=\"532\" srcset=\"https:\/\/i0.wp.com\/politicosaldesnudo.com.mx\/wp-content\/uploads\/2024\/04\/WhatsApp-Image-2024-04-14-at-11.11.28-3-scaled.jpeg?resize=1024%2C681&amp;ssl=1 1024w, https:\/\/i0.wp.com\/politicosaldesnudo.com.mx\/wp-content\/uploads\/2024\/04\/WhatsApp-Image-2024-04-14-at-11.11.28-3-scaled.jpeg?resize=300%2C200&amp;ssl=1 300w, https:\/\/i0.wp.com\/politicosaldesnudo.com.mx\/wp-content\/uploads\/2024\/04\/WhatsApp-Image-2024-04-14-at-11.11.28-3-scaled.jpeg?resize=768%2C511&amp;ssl=1 768w, https:\/\/i0.wp.com\/politicosaldesnudo.com.mx\/wp-content\/uploads\/2024\/04\/WhatsApp-Image-2024-04-14-at-11.11.28-3-scaled.jpeg?resize=1536%2C1022&amp;ssl=1 1536w, https:\/\/i0.wp.com\/politicosaldesnudo.com.mx\/wp-content\/uploads\/2024\/04\/WhatsApp-Image-2024-04-14-at-11.11.28-3-scaled.jpeg?resize=2048%2C1362&amp;ssl=1 2048w, https:\/\/i0.wp.com\/politicosaldesnudo.com.mx\/wp-content\/uploads\/2024\/04\/WhatsApp-Image-2024-04-14-at-11.11.28-3-scaled.jpeg?w=1600&amp;ssl=1 1600w, https:\/\/i0.wp.com\/politicosaldesnudo.com.mx\/wp-content\/uploads\/2024\/04\/WhatsApp-Image-2024-04-14-at-11.11.28-3-scaled.jpeg?w=2400&amp;ssl=1 2400w\" sizes=\"auto, (max-width: 800px) 100vw, 800px\" \/><\/p>\n<p><span style=\"font-size: 14pt;\">Luego de las pasarelas y la demostraci\u00f3n de talento, Panchito Hern\u00e1ndez \u201cPanchito 1\u00b0\u201d fue seleccionado \u201cRey de la Alegr\u00eda\u201d; quedando como pr\u00edncipes de esta categor\u00eda Antony Reyes, Rigoberto Mart\u00ednez, Charly C\u00f3rdoba, Juan Ayala y To\u00f1o Rosas.<\/span><\/p>\n<p><img data-recalc-dims=\"1\" loading=\"lazy\" decoding=\"async\" class=\"aligncenter size-large wp-image-35120\" src=\"https:\/\/i0.wp.com\/politicosaldesnudo.com.mx\/wp-content\/uploads\/2024\/04\/WhatsApp-Image-2024-04-14-at-11.11.27-1024x754.jpeg?resize=800%2C589&#038;ssl=1\" alt=\"\" width=\"800\" height=\"589\" srcset=\"https:\/\/i0.wp.com\/politicosaldesnudo.com.mx\/wp-content\/uploads\/2024\/04\/WhatsApp-Image-2024-04-14-at-11.11.27-scaled.jpeg?resize=1024%2C754&amp;ssl=1 1024w, https:\/\/i0.wp.com\/politicosaldesnudo.com.mx\/wp-content\/uploads\/2024\/04\/WhatsApp-Image-2024-04-14-at-11.11.27-scaled.jpeg?resize=300%2C221&amp;ssl=1 300w, https:\/\/i0.wp.com\/politicosaldesnudo.com.mx\/wp-content\/uploads\/2024\/04\/WhatsApp-Image-2024-04-14-at-11.11.27-scaled.jpeg?resize=768%2C565&amp;ssl=1 768w, https:\/\/i0.wp.com\/politicosaldesnudo.com.mx\/wp-content\/uploads\/2024\/04\/WhatsApp-Image-2024-04-14-at-11.11.27-scaled.jpeg?resize=1536%2C1131&amp;ssl=1 1536w, https:\/\/i0.wp.com\/politicosaldesnudo.com.mx\/wp-content\/uploads\/2024\/04\/WhatsApp-Image-2024-04-14-at-11.11.27-scaled.jpeg?resize=2048%2C1508&amp;ssl=1 2048w, https:\/\/i0.wp.com\/politicosaldesnudo.com.mx\/wp-content\/uploads\/2024\/04\/WhatsApp-Image-2024-04-14-at-11.11.27-scaled.jpeg?w=1600&amp;ssl=1 1600w, https:\/\/i0.wp.com\/politicosaldesnudo.com.mx\/wp-content\/uploads\/2024\/04\/WhatsApp-Image-2024-04-14-at-11.11.27-scaled.jpeg?w=2400&amp;ssl=1 2400w\" sizes=\"auto, (max-width: 800px) 100vw, 800px\" \/><\/p>\n<p><span style=\"font-size: 14pt;\">Los asistentes al evento pudieron disfrutar del espect\u00e1culo \u201cNoches de Carnaval\u201d y la presentaci\u00f3n art\u00edstica de la cantante Tania Sugey.<\/span><\/p>\n<p><img data-recalc-dims=\"1\" loading=\"lazy\" decoding=\"async\" class=\"aligncenter size-large wp-image-35124\" src=\"https:\/\/i0.wp.com\/politicosaldesnudo.com.mx\/wp-content\/uploads\/2024\/04\/WhatsApp-Image-2024-04-14-at-11.11.28-1024x678.jpeg?resize=800%2C530&#038;ssl=1\" alt=\"\" width=\"800\" height=\"530\" srcset=\"https:\/\/i0.wp.com\/politicosaldesnudo.com.mx\/wp-content\/uploads\/2024\/04\/WhatsApp-Image-2024-04-14-at-11.11.28-scaled.jpeg?resize=1024%2C678&amp;ssl=1 1024w, https:\/\/i0.wp.com\/politicosaldesnudo.com.mx\/wp-content\/uploads\/2024\/04\/WhatsApp-Image-2024-04-14-at-11.11.28-scaled.jpeg?resize=300%2C199&amp;ssl=1 300w, https:\/\/i0.wp.com\/politicosaldesnudo.com.mx\/wp-content\/uploads\/2024\/04\/WhatsApp-Image-2024-04-14-at-11.11.28-scaled.jpeg?resize=768%2C508&amp;ssl=1 768w, https:\/\/i0.wp.com\/politicosaldesnudo.com.mx\/wp-content\/uploads\/2024\/04\/WhatsApp-Image-2024-04-14-at-11.11.28-scaled.jpeg?resize=1536%2C1016&amp;ssl=1 1536w, https:\/\/i0.wp.com\/politicosaldesnudo.com.mx\/wp-content\/uploads\/2024\/04\/WhatsApp-Image-2024-04-14-at-11.11.28-scaled.jpeg?resize=2048%2C1355&amp;ssl=1 2048w, https:\/\/i0.wp.com\/politicosaldesnudo.com.mx\/wp-content\/uploads\/2024\/04\/WhatsApp-Image-2024-04-14-at-11.11.28-scaled.jpeg?w=1600&amp;ssl=1 1600w, https:\/\/i0.wp.com\/politicosaldesnudo.com.mx\/wp-content\/uploads\/2024\/04\/WhatsApp-Image-2024-04-14-at-11.11.28-scaled.jpeg?w=2400&amp;ssl=1 2400w\" sizes=\"auto, (max-width: 800px) 100vw, 800px\" \/><\/p>\n<p><span style=\"font-size: 14pt;\">Estuvieron presentes en este certamen el regidor Juan G\u00f3mez Garc\u00eda; el director de Turismo, Francisco Villanueva, y los integrantes del Comit\u00e9 del Carnaval de este a\u00f1o el Ing. Ra\u00fal Pati\u00f1o Blanco, Lic. Alma Delia Hern\u00e1ndez Lozano, Lic. Gustavo Garamendi \u00c1lvarez, Lic. M\u00f3nica Ram\u00edrez S\u00e1nchez, Lic. Martha P\u00e9rez Silva, y el Lic. Juan Z\u00fa\u00f1iga Mart\u00ednez.<\/span><\/p>\n<p><img data-recalc-dims=\"1\" loading=\"lazy\" decoding=\"async\" class=\"aligncenter size-large wp-image-35122\" src=\"https:\/\/i0.wp.com\/politicosaldesnudo.com.mx\/wp-content\/uploads\/2024\/04\/WhatsApp-Image-2024-04-14-at-11.11.28-2-1024x695.jpeg?resize=800%2C543&#038;ssl=1\" alt=\"\" width=\"800\" height=\"543\" srcset=\"https:\/\/i0.wp.com\/politicosaldesnudo.com.mx\/wp-content\/uploads\/2024\/04\/WhatsApp-Image-2024-04-14-at-11.11.28-2-scaled.jpeg?resize=1024%2C695&amp;ssl=1 1024w, https:\/\/i0.wp.com\/politicosaldesnudo.com.mx\/wp-content\/uploads\/2024\/04\/WhatsApp-Image-2024-04-14-at-11.11.28-2-scaled.jpeg?resize=300%2C204&amp;ssl=1 300w, https:\/\/i0.wp.com\/politicosaldesnudo.com.mx\/wp-content\/uploads\/2024\/04\/WhatsApp-Image-2024-04-14-at-11.11.28-2-scaled.jpeg?resize=768%2C521&amp;ssl=1 768w, https:\/\/i0.wp.com\/politicosaldesnudo.com.mx\/wp-content\/uploads\/2024\/04\/WhatsApp-Image-2024-04-14-at-11.11.28-2-scaled.jpeg?resize=1536%2C1043&amp;ssl=1 1536w, https:\/\/i0.wp.com\/politicosaldesnudo.com.mx\/wp-content\/uploads\/2024\/04\/WhatsApp-Image-2024-04-14-at-11.11.28-2-scaled.jpeg?resize=2048%2C1390&amp;ssl=1 2048w, https:\/\/i0.wp.com\/politicosaldesnudo.com.mx\/wp-content\/uploads\/2024\/04\/WhatsApp-Image-2024-04-14-at-11.11.28-2-scaled.jpeg?w=1600&amp;ssl=1 1600w, https:\/\/i0.wp.com\/politicosaldesnudo.com.mx\/wp-content\/uploads\/2024\/04\/WhatsApp-Image-2024-04-14-at-11.11.28-2-scaled.jpeg?w=2400&amp;ssl=1 2400w\" sizes=\"auto, (max-width: 800px) 100vw, 800px\" \/><\/p>\n<p><span style=\"font-size: 14pt;\">En esta ocasi\u00f3n el jurado estuvo a cargo de reconocidas personalidades: Marisa Knight, Guillermo Mendoza; Humberto Cervantes Montero, Jes\u00fas Armando Mart\u00ednez (Mandy JAMG), Noem\u00ed Cuervo y Fanna Estefany Gait\u00e1n.<\/span><\/p>\n<p><img data-recalc-dims=\"1\" loading=\"lazy\" decoding=\"async\" class=\"aligncenter size-large wp-image-35125\" src=\"https:\/\/i0.wp.com\/politicosaldesnudo.com.mx\/wp-content\/uploads\/2024\/04\/WhatsApp-Image-2024-04-14-at-11.11.29-1-1024x681.jpeg?resize=800%2C532&#038;ssl=1\" alt=\"\" width=\"800\" height=\"532\" srcset=\"https:\/\/i0.wp.com\/politicosaldesnudo.com.mx\/wp-content\/uploads\/2024\/04\/WhatsApp-Image-2024-04-14-at-11.11.29-1-scaled.jpeg?resize=1024%2C681&amp;ssl=1 1024w, https:\/\/i0.wp.com\/politicosaldesnudo.com.mx\/wp-content\/uploads\/2024\/04\/WhatsApp-Image-2024-04-14-at-11.11.29-1-scaled.jpeg?resize=300%2C200&amp;ssl=1 300w, https:\/\/i0.wp.com\/politicosaldesnudo.com.mx\/wp-content\/uploads\/2024\/04\/WhatsApp-Image-2024-04-14-at-11.11.29-1-scaled.jpeg?resize=768%2C511&amp;ssl=1 768w, https:\/\/i0.wp.com\/politicosaldesnudo.com.mx\/wp-content\/uploads\/2024\/04\/WhatsApp-Image-2024-04-14-at-11.11.29-1-scaled.jpeg?resize=1536%2C1022&amp;ssl=1 1536w, https:\/\/i0.wp.com\/politicosaldesnudo.com.mx\/wp-content\/uploads\/2024\/04\/WhatsApp-Image-2024-04-14-at-11.11.29-1-scaled.jpeg?resize=2048%2C1362&amp;ssl=1 2048w, https:\/\/i0.wp.com\/politicosaldesnudo.com.mx\/wp-content\/uploads\/2024\/04\/WhatsApp-Image-2024-04-14-at-11.11.29-1-scaled.jpeg?w=1600&amp;ssl=1 1600w, https:\/\/i0.wp.com\/politicosaldesnudo.com.mx\/wp-content\/uploads\/2024\/04\/WhatsApp-Image-2024-04-14-at-11.11.29-1-scaled.jpeg?w=2400&amp;ssl=1 2400w\" sizes=\"auto, (max-width: 800px) 100vw, 800px\" \/><\/p>\n<p><span style=\"font-size: 14pt;\">Ahora solo queda esperar el certamen para elegir a quienes ser\u00e1n Reina del Carnaval y Reina LGBTQ+, que se realizar\u00e1 esta noche a partir de las 7:00 p.m. en la Plaza C\u00edvica, con lo que se completar\u00e1 la Corte Real de la fiesta m\u00e1s grande de Tuxpan.<\/span><\/p>\n<p><img data-recalc-dims=\"1\" loading=\"lazy\" decoding=\"async\" class=\"aligncenter size-large wp-image-35126\" src=\"https:\/\/i0.wp.com\/politicosaldesnudo.com.mx\/wp-content\/uploads\/2024\/04\/WhatsApp-Image-2024-04-14-at-11.11.29-2-1024x673.jpeg?resize=800%2C526&#038;ssl=1\" alt=\"\" width=\"800\" height=\"526\" srcset=\"https:\/\/i0.wp.com\/politicosaldesnudo.com.mx\/wp-content\/uploads\/2024\/04\/WhatsApp-Image-2024-04-14-at-11.11.29-2-scaled.jpeg?resize=1024%2C673&amp;ssl=1 1024w, https:\/\/i0.wp.com\/politicosaldesnudo.com.mx\/wp-content\/uploads\/2024\/04\/WhatsApp-Image-2024-04-14-at-11.11.29-2-scaled.jpeg?resize=300%2C197&amp;ssl=1 300w, https:\/\/i0.wp.com\/politicosaldesnudo.com.mx\/wp-content\/uploads\/2024\/04\/WhatsApp-Image-2024-04-14-at-11.11.29-2-scaled.jpeg?resize=768%2C505&amp;ssl=1 768w, https:\/\/i0.wp.com\/politicosaldesnudo.com.mx\/wp-content\/uploads\/2024\/04\/WhatsApp-Image-2024-04-14-at-11.11.29-2-scaled.jpeg?resize=1536%2C1009&amp;ssl=1 1536w, https:\/\/i0.wp.com\/politicosaldesnudo.com.mx\/wp-content\/uploads\/2024\/04\/WhatsApp-Image-2024-04-14-at-11.11.29-2-scaled.jpeg?resize=2048%2C1345&amp;ssl=1 2048w, https:\/\/i0.wp.com\/politicosaldesnudo.com.mx\/wp-content\/uploads\/2024\/04\/WhatsApp-Image-2024-04-14-at-11.11.29-2-scaled.jpeg?w=1600&amp;ssl=1 1600w, https:\/\/i0.wp.com\/politicosaldesnudo.com.mx\/wp-content\/uploads\/2024\/04\/WhatsApp-Image-2024-04-14-at-11.11.29-2-scaled.jpeg?w=2400&amp;ssl=1 2400w\" sizes=\"auto, (max-width: 800px) 100vw, 800px\" \/> <img data-recalc-dims=\"1\" loading=\"lazy\" decoding=\"async\" class=\"aligncenter size-large wp-image-35127\" src=\"https:\/\/i0.wp.com\/politicosaldesnudo.com.mx\/wp-content\/uploads\/2024\/04\/WhatsApp-Image-2024-04-14-at-11.11.29-3-1024x710.jpeg?resize=800%2C555&#038;ssl=1\" alt=\"\" width=\"800\" height=\"555\" srcset=\"https:\/\/i0.wp.com\/politicosaldesnudo.com.mx\/wp-content\/uploads\/2024\/04\/WhatsApp-Image-2024-04-14-at-11.11.29-3-scaled.jpeg?resize=1024%2C710&amp;ssl=1 1024w, https:\/\/i0.wp.com\/politicosaldesnudo.com.mx\/wp-content\/uploads\/2024\/04\/WhatsApp-Image-2024-04-14-at-11.11.29-3-scaled.jpeg?resize=300%2C208&amp;ssl=1 300w, https:\/\/i0.wp.com\/politicosaldesnudo.com.mx\/wp-content\/uploads\/2024\/04\/WhatsApp-Image-2024-04-14-at-11.11.29-3-scaled.jpeg?resize=768%2C532&amp;ssl=1 768w, https:\/\/i0.wp.com\/politicosaldesnudo.com.mx\/wp-content\/uploads\/2024\/04\/WhatsApp-Image-2024-04-14-at-11.11.29-3-scaled.jpeg?resize=1536%2C1065&amp;ssl=1 1536w, https:\/\/i0.wp.com\/politicosaldesnudo.com.mx\/wp-content\/uploads\/2024\/04\/WhatsApp-Image-2024-04-14-at-11.11.29-3-scaled.jpeg?resize=2048%2C1420&amp;ssl=1 2048w, https:\/\/i0.wp.com\/politicosaldesnudo.com.mx\/wp-content\/uploads\/2024\/04\/WhatsApp-Image-2024-04-14-at-11.11.29-3-scaled.jpeg?resize=392%2C272&amp;ssl=1 392w, https:\/\/i0.wp.com\/politicosaldesnudo.com.mx\/wp-content\/uploads\/2024\/04\/WhatsApp-Image-2024-04-14-at-11.11.29-3-scaled.jpeg?resize=130%2C90&amp;ssl=1 130w, https:\/\/i0.wp.com\/politicosaldesnudo.com.mx\/wp-content\/uploads\/2024\/04\/WhatsApp-Image-2024-04-14-at-11.11.29-3-scaled.jpeg?w=1600&amp;ssl=1 1600w, https:\/\/i0.wp.com\/politicosaldesnudo.com.mx\/wp-content\/uploads\/2024\/04\/WhatsApp-Image-2024-04-14-at-11.11.29-3-scaled.jpeg?w=2400&amp;ssl=1 2400w\" sizes=\"auto, (max-width: 800px) 100vw, 800px\" \/> <img data-recalc-dims=\"1\" loading=\"lazy\" decoding=\"async\" class=\"aligncenter size-large wp-image-35128\" src=\"https:\/\/i0.wp.com\/politicosaldesnudo.com.mx\/wp-content\/uploads\/2024\/04\/WhatsApp-Image-2024-04-14-at-11.11.29-1024x710.jpeg?resize=800%2C555&#038;ssl=1\" alt=\"\" width=\"800\" height=\"555\" srcset=\"https:\/\/i0.wp.com\/politicosaldesnudo.com.mx\/wp-content\/uploads\/2024\/04\/WhatsApp-Image-2024-04-14-at-11.11.29-scaled.jpeg?resize=1024%2C710&amp;ssl=1 1024w, https:\/\/i0.wp.com\/politicosaldesnudo.com.mx\/wp-content\/uploads\/2024\/04\/WhatsApp-Image-2024-04-14-at-11.11.29-scaled.jpeg?resize=300%2C208&amp;ssl=1 300w, https:\/\/i0.wp.com\/politicosaldesnudo.com.mx\/wp-content\/uploads\/2024\/04\/WhatsApp-Image-2024-04-14-at-11.11.29-scaled.jpeg?resize=768%2C533&amp;ssl=1 768w, https:\/\/i0.wp.com\/politicosaldesnudo.com.mx\/wp-content\/uploads\/2024\/04\/WhatsApp-Image-2024-04-14-at-11.11.29-scaled.jpeg?resize=1536%2C1066&amp;ssl=1 1536w, https:\/\/i0.wp.com\/politicosaldesnudo.com.mx\/wp-content\/uploads\/2024\/04\/WhatsApp-Image-2024-04-14-at-11.11.29-scaled.jpeg?resize=2048%2C1421&amp;ssl=1 2048w, https:\/\/i0.wp.com\/politicosaldesnudo.com.mx\/wp-content\/uploads\/2024\/04\/WhatsApp-Image-2024-04-14-at-11.11.29-scaled.jpeg?resize=392%2C272&amp;ssl=1 392w, https:\/\/i0.wp.com\/politicosaldesnudo.com.mx\/wp-content\/uploads\/2024\/04\/WhatsApp-Image-2024-04-14-at-11.11.29-scaled.jpeg?resize=130%2C90&amp;ssl=1 130w, https:\/\/i0.wp.com\/politicosaldesnudo.com.mx\/wp-content\/uploads\/2024\/04\/WhatsApp-Image-2024-04-14-at-11.11.29-scaled.jpeg?w=1600&amp;ssl=1 1600w, https:\/\/i0.wp.com\/politicosaldesnudo.com.mx\/wp-content\/uploads\/2024\/04\/WhatsApp-Image-2024-04-14-at-11.11.29-scaled.jpeg?w=2400&amp;ssl=1 2400w\" sizes=\"auto, (max-width: 800px) 100vw, 800px\" \/><\/p>\n","protected":false},"excerpt":{"rendered":"<p>Tuxpan, Ver. \u2013 Ante una Plaza C\u00edvica abarrotada se llev\u00f3 a cabo el certamen para elegir al \u201cRey de la<\/p>\n","protected":false},"author":4,"featured_media":35121,"comment_status":"closed","ping_status":"closed","sticky":false,"template":"","format":"standard","meta":{"colormag_page_container_layout":"default_layout","colormag_page_sidebar_layout":"default_layout","_jetpack_memberships_contains_paid_content":false,"footnotes":"","jetpack_publicize_message":"","jetpack_publicize_feature_enabled":true,"jetpack_social_post_already_shared":false,"jetpack_social_options":{"image_generator_settings":{"template":"highway","default_image_id":0,"font":"","enabled":false},"version":2}},"categories":[3205,1082],"tags":[],"class_list":["post-35118","post","type-post","status-publish","format-standard","has-post-thumbnail","hentry","category-gobierno-tuxpan","category-tuxpan"],"jetpack_publicize_connections":[],"jetpack_featured_media_url":"https:\/\/i0.wp.com\/politicosaldesnudo.com.mx\/wp-content\/uploads\/2024\/04\/WhatsApp-Image-2024-04-14-at-11.11.28-1-scaled.jpeg?fit=2560%2C1695&ssl=1","jetpack-related-posts":[],"jetpack_sharing_enabled":true,"_links":{"self":[{"href":"https:\/\/politicosaldesnudo.com.mx\/index.php\/wp-json\/wp\/v2\/posts\/35118","targetHints":{"allow":["GET"]}}],"collection":[{"href":"https:\/\/politicosaldesnudo.com.mx\/index.php\/wp-json\/wp\/v2\/posts"}],"about":[{"href":"https:\/\/politicosaldesnudo.com.mx\/index.php\/wp-json\/wp\/v2\/types\/post"}],"author":[{"embeddable":true,"href":"https:\/\/politicosaldesnudo.com.mx\/index.php\/wp-json\/wp\/v2\/users\/4"}],"replies":[{"embeddable":true,"href":"https:\/\/politicosaldesnudo.com.mx\/index.php\/wp-json\/wp\/v2\/comments?post=35118"}],"version-history":[{"count":0,"href":"https:\/\/politicosaldesnudo.com.mx\/index.php\/wp-json\/wp\/v2\/posts\/35118\/revisions"}],"wp:featuredmedia":[{"embeddable":true,"href":"https:\/\/politicosaldesnudo.com.mx\/index.php\/wp-json\/wp\/v2\/media\/35121"}],"wp:attachment":[{"href":"https:\/\/politicosaldesnudo.com.mx\/index.php\/wp-json\/wp\/v2\/media?parent=35118"}],"wp:term":[{"taxonomy":"category","embeddable":true,"href":"https:\/\/politicosaldesnudo.com.mx\/index.php\/wp-json\/wp\/v2\/categories?post=35118"},{"taxonomy":"post_tag","embeddable":true,"href":"https:\/\/politicosaldesnudo.com.mx\/index.php\/wp-json\/wp\/v2\/tags?post=35118"}],"curies":[{"name":"wp","href":"https:\/\/api.w.org\/{rel}","templated":true}]}}