{"id":35131,"date":"2024-04-15T02:13:00","date_gmt":"2024-04-15T07:13:00","guid":{"rendered":"https:\/\/politicosaldesnudo.com.mx\/?p=35131"},"modified":"2024-04-15T02:13:00","modified_gmt":"2024-04-15T07:13:00","slug":"historia-de-la-mexicana-que-ordeno-allanar-la-embajada-mexicana","status":"publish","type":"post","link":"https:\/\/politicosaldesnudo.com.mx\/index.php\/2024\/04\/15\/historia-de-la-mexicana-que-ordeno-allanar-la-embajada-mexicana\/","title":{"rendered":"Historia de la mexicana que orden\u00f3 allanar la embajada mexicana"},"content":{"rendered":"<p><span style=\"font-size: 14pt;\"><strong>Por Jos\u00e9 Ure\u00f1a<\/strong><\/span><\/p>\n<p><span style=\"font-size: 14pt;\">De su inteligencia hay muchas constancias.<\/span><\/p>\n<p><span style=\"font-size: 14pt;\">M\u00f3nica Rosa Irene Palencia N\u00fa\u00f1ez la us\u00f3 para brillar como estudiante de Derecho en la Universidad Ju\u00e1rez del Estado de Durango, su estado natal y donde se titul\u00f3 con honores a los 20 a\u00f1os.<\/span><\/p>\n<p><span style=\"font-size: 14pt;\">Esta haza\u00f1a ha sido reconocida por la misma instituci\u00f3n en dos ocasiones: con la Medalla Benito Ju\u00e1rez al culminar su carrera y meses atr\u00e1s, 38 a\u00f1os despu\u00e9s, con un homenaje por su trayectoria.<\/span><\/p>\n<p><span style=\"font-size: 14pt;\">Reci\u00e9n graduada -en su curr\u00edculum no aparece ninguna referencia a su t\u00edtulo-, a los 21 a\u00f1os decidi\u00f3 emigrar a Ecuador, donde prosigui\u00f3 su formaci\u00f3n acad\u00e9mica.<\/span><\/p>\n<p><span style=\"font-size: 14pt;\">Sus especialidades incluyen relaciones internacionales y derecho penal y criminalidad organizada en la Universidad de Castilla-La Mancha, Campus de Toledo.<\/span><\/p>\n<p><span style=\"font-size: 14pt;\">Su extensa formaci\u00f3n la llev\u00f3 por varios pa\u00edses y especialidades -Ecuador y Espa\u00f1a son s\u00f3lo dos-, y la \u00faltima referencia es Cuba, donde obtuvo el doctorado en Ciencias Jur\u00eddicas en la Universidad de La Habana.<\/span><\/p>\n<p><span style=\"font-size: 14pt;\">Por doquier sali\u00f3 con diplomas, premios, \u00f3rdenes al m\u00e9rito acad\u00e9mico e inclusive reconocimientos de la Embajada de M\u00e9xico por su \u201clabor social\u201d.<\/span><\/p>\n<p><span style=\"font-size: 14pt;\">HERMANA REGIDORA<\/span><\/p>\n<p><span style=\"font-size: 14pt;\">Por ella se dio a conocer.<\/span><\/p>\n<p><span style=\"font-size: 14pt;\">El 9 de mayo de 1985 se cas\u00f3 con el arquitecto Ram\u00f3n Arturo Verduga \u00c1lvarez, con quien tuvo tres hijos y muri\u00f3 en 2014.<\/span><\/p>\n<p><span style=\"font-size: 14pt;\">Desde entonces ha ascendido en la escala social ecuatoriana y alcanz\u00f3 notoriedad como defensora de Xavier Neira y Oriana Rumbea, procesados por \u201cfalsedad de informaci\u00f3n\u201d en distintos casos de inversi\u00f3n con monto superior a los mil millones de d\u00f3lares.<\/span><\/p>\n<p><span style=\"font-size: 14pt;\">M\u00f3nica Rosa Irene Palencia N\u00fa\u00f1ez reivindic\u00f3 su \u00e9xito como abogada y le increment\u00f3 su fama hasta merecerle la naturalizaci\u00f3n y ser nombrada ministra de Gobierno por el presidente Daniel Noboa.<\/span><\/p>\n<p><span style=\"font-size: 14pt;\">Ese cargo lo asumi\u00f3 el 14 de noviembre de 2023 y, una semana despu\u00e9s, su poder se extendi\u00f3 como encargada del Ministerio del Interior.<\/span><\/p>\n<p><span style=\"font-size: 14pt;\">Desde entonces aparece constantemente con el presidente Noboa y desde esa posici\u00f3n, han descubierto varios analistas, entre ellos el diplom\u00e1tico Fausto Pretelini, orden\u00f3 y gui\u00f3 el allanamiento a la Embajada de M\u00e9xico en Ecuador.<\/span><\/p>\n<p><span style=\"font-size: 14pt;\">En carrera distinta, su hermana Martha Palencia se ha mantenido en Durango, es regidora por MC y en 2021 aspir\u00f3 a diputada local.<\/span><\/p>\n<p><span style=\"font-size: 14pt;\">Ayer Martha Palencia desminti\u00f3 la participaci\u00f3n de M\u00f3nica en el asalto y rechaz\u00f3 cualquier se\u00f1alamiento de traici\u00f3n a la patria.<\/span><\/p>\n<p><span style=\"font-size: 14pt;\">\u201c<em>Mi hermana <\/em>M\u00f3nica Palencia<em>, ministra de Ecuador, no tuvo nada que ver con esa toma de decisiones de atacar a la embajada mexicana. Ecuador desde el mes de enero estuvo en Estado de excepci\u00f3n y el Presidente toma las riendas del pa\u00eds en ese caso<\/em>\u201d (<em>Notigram<\/em>).<\/span><\/p>\n<p><span style=\"font-size: 14pt;\">CUIDAR EL TERRITORIO<\/span><\/p>\n<p><span style=\"font-size: 14pt;\">Alejandro Moreno rechaza el planteamiento de abandono a la candidata aliancista X\u00f3chitl G\u00e1lvez:<\/span><\/p>\n<p><span style=\"font-size: 14pt;\">-Mucha gente quiere vernos con ella y eso no es posible. Desde un principio quedaron claros nuestros papeles: ella hace campa\u00f1a y nosotros trabajamos con nuestros candidatos en la estructura.<\/span><\/p>\n<p><span style=\"font-size: 14pt;\">Ese acuerdo obliga a los tres dirigentes \u2013<em>Alito <\/em>por el PRI, Marko Cort\u00e9s por el PAN y Jes\u00fas Zambrano por el PRD- a atender las candidaturas en nueve estados para gobernador, 32 para senadores y en los 300 distritos para diputados federales.<\/span><\/p>\n<p><span style=\"font-size: 14pt;\">Todo esto avanza convenientemente, asegura el jerarca priista, porque a estas alturas el PRI ya tiene representantes para el total de las casillas y el PAN reporta 95 por ciento.<\/span><\/p>\n<p><span style=\"font-size: 14pt;\">-Ah\u00ed est\u00e1 el voto -remata.<\/span><\/p>\n<p><img data-recalc-dims=\"1\" loading=\"lazy\" decoding=\"async\" class=\"aligncenter size-full wp-image-35132\" src=\"https:\/\/i0.wp.com\/politicosaldesnudo.com.mx\/wp-content\/uploads\/2024\/04\/FIRMA-EDITORIAL-PD-2.jpg?resize=800%2C98&#038;ssl=1\" alt=\"\" width=\"800\" height=\"98\" srcset=\"https:\/\/i0.wp.com\/politicosaldesnudo.com.mx\/wp-content\/uploads\/2024\/04\/FIRMA-EDITORIAL-PD-2.jpg?w=1024&amp;ssl=1 1024w, https:\/\/i0.wp.com\/politicosaldesnudo.com.mx\/wp-content\/uploads\/2024\/04\/FIRMA-EDITORIAL-PD-2.jpg?resize=300%2C37&amp;ssl=1 300w, https:\/\/i0.wp.com\/politicosaldesnudo.com.mx\/wp-content\/uploads\/2024\/04\/FIRMA-EDITORIAL-PD-2.jpg?resize=768%2C94&amp;ssl=1 768w\" sizes=\"auto, (max-width: 800px) 100vw, 800px\" \/><\/p>\n","protected":false},"excerpt":{"rendered":"<p>Por Jos\u00e9 Ure\u00f1a De su inteligencia hay muchas constancias. M\u00f3nica Rosa Irene Palencia N\u00fa\u00f1ez la us\u00f3 para brillar como estudiante<\/p>\n","protected":false},"author":4,"featured_media":34103,"comment_status":"closed","ping_status":"closed","sticky":false,"template":"","format":"standard","meta":{"colormag_page_container_layout":"default_layout","colormag_page_sidebar_layout":"default_layout","_jetpack_memberships_contains_paid_content":false,"footnotes":"","jetpack_publicize_message":"","jetpack_publicize_feature_enabled":true,"jetpack_social_post_already_shared":false,"jetpack_social_options":{"image_generator_settings":{"template":"highway","default_image_id":0,"font":"","enabled":false},"version":2}},"categories":[26],"tags":[],"class_list":["post-35131","post","type-post","status-publish","format-standard","has-post-thumbnail","hentry","category-columnistas"],"jetpack_publicize_connections":[],"jetpack_featured_media_url":"https:\/\/i0.wp.com\/politicosaldesnudo.com.mx\/wp-content\/uploads\/2024\/03\/BANNER-JOSE-URENA.jpg?fit=800%2C445&ssl=1","jetpack-related-posts":[],"jetpack_sharing_enabled":true,"_links":{"self":[{"href":"https:\/\/politicosaldesnudo.com.mx\/index.php\/wp-json\/wp\/v2\/posts\/35131","targetHints":{"allow":["GET"]}}],"collection":[{"href":"https:\/\/politicosaldesnudo.com.mx\/index.php\/wp-json\/wp\/v2\/posts"}],"about":[{"href":"https:\/\/politicosaldesnudo.com.mx\/index.php\/wp-json\/wp\/v2\/types\/post"}],"author":[{"embeddable":true,"href":"https:\/\/politicosaldesnudo.com.mx\/index.php\/wp-json\/wp\/v2\/users\/4"}],"replies":[{"embeddable":true,"href":"https:\/\/politicosaldesnudo.com.mx\/index.php\/wp-json\/wp\/v2\/comments?post=35131"}],"version-history":[{"count":0,"href":"https:\/\/politicosaldesnudo.com.mx\/index.php\/wp-json\/wp\/v2\/posts\/35131\/revisions"}],"wp:featuredmedia":[{"embeddable":true,"href":"https:\/\/politicosaldesnudo.com.mx\/index.php\/wp-json\/wp\/v2\/media\/34103"}],"wp:attachment":[{"href":"https:\/\/politicosaldesnudo.com.mx\/index.php\/wp-json\/wp\/v2\/media?parent=35131"}],"wp:term":[{"taxonomy":"category","embeddable":true,"href":"https:\/\/politicosaldesnudo.com.mx\/index.php\/wp-json\/wp\/v2\/categories?post=35131"},{"taxonomy":"post_tag","embeddable":true,"href":"https:\/\/politicosaldesnudo.com.mx\/index.php\/wp-json\/wp\/v2\/tags?post=35131"}],"curies":[{"name":"wp","href":"https:\/\/api.w.org\/{rel}","templated":true}]}}