{"id":35134,"date":"2024-04-15T02:15:00","date_gmt":"2024-04-15T07:15:00","guid":{"rendered":"https:\/\/politicosaldesnudo.com.mx\/?p=35134"},"modified":"2024-04-15T02:15:00","modified_gmt":"2024-04-15T07:15:00","slug":"amlo-y-el-poder-transexenal","status":"publish","type":"post","link":"https:\/\/politicosaldesnudo.com.mx\/index.php\/2024\/04\/15\/amlo-y-el-poder-transexenal\/","title":{"rendered":"AMLO y el poder transexenal"},"content":{"rendered":"<p><span style=\"font-size: 14pt;\"><strong>\u00a0Por Pepe Valencia\u00a0<\/strong><\/span><\/p>\n<p><span style=\"font-size: 14pt;\">Es evidente la intentona de Andr\u00e9s Manuel L\u00f3pez Obrador de continuar ejerciendo el poder m\u00e1s all\u00e1 de su sexenio en caso de triunfar Claudia Sheinbaum el domingo 2 de junio.\u00a0 El \u00faltimo en imponer un maximato, Plutarco El\u00edas Calles, termin\u00f3 exiliado por L\u00e1zaro C\u00e1rdenas del R\u00edo en abril de 1936.<\/span><\/p>\n<p><span style=\"font-size: 14pt;\">Carlos Salinas de Gortari acaso vio en Ernesto Zedillo un sucesor d\u00e9bil y d\u00f3cil. Craso error.\u00a0 Zedillo pint\u00f3 ipso facto su raya y encarcel\u00f3 a Ra\u00fal, el hermano mayor de su antecesor.<\/span><\/p>\n<p><span style=\"font-size: 14pt;\">Antes, Luis Echeverr\u00eda pretendi\u00f3 influir en su amigo de juventud, Jos\u00e9 L\u00f3pez Portillo. \u00c9ste le respondi\u00f3 con un contundente \u00abel poder no se comparte\u00bb y lo envi\u00f3 de embajador a las lejanas islas Fiji, al otro lado del mundo.<\/span><\/p>\n<p><span style=\"font-size: 14pt;\">El propio Gustavo D\u00edaz Ordaz se equivoc\u00f3 al confiar en la lealtad de Echeverr\u00eda, quien apenas ungido como candidato le dar\u00eda la espalda y al poco tiempo lo condenar\u00eda al ostracismo pol\u00edtico.<\/span><\/p>\n<p><span style=\"font-size: 14pt;\">\u00bfLa dama de hielo\u00a0 perdonar\u00eda las humillaciones de su actual jefe pol\u00edtico y le obedecer\u00eda ciegamente si llegara a ser presidenta? \u00bfO lo mandar\u00eda en un santiam\u00e9n a su rancho?<\/span><\/p>\n<p><span style=\"font-size: 14pt;\">Claro, L\u00f3pez Obrador har\u00e1\u00a0 lo imposible por mantener\u00a0 el poder tras el trono.<\/span><\/p>\n<p><span style=\"font-size: 14pt;\">Y si gana Xochitl G\u00e1lvez hasta a prisi\u00f3n puede ir.<\/span><\/p>\n<p><img data-recalc-dims=\"1\" loading=\"lazy\" decoding=\"async\" class=\"aligncenter size-full wp-image-35132\" src=\"https:\/\/i0.wp.com\/politicosaldesnudo.com.mx\/wp-content\/uploads\/2024\/04\/FIRMA-EDITORIAL-PD-2.jpg?resize=800%2C98&#038;ssl=1\" alt=\"\" width=\"800\" height=\"98\" srcset=\"https:\/\/i0.wp.com\/politicosaldesnudo.com.mx\/wp-content\/uploads\/2024\/04\/FIRMA-EDITORIAL-PD-2.jpg?w=1024&amp;ssl=1 1024w, https:\/\/i0.wp.com\/politicosaldesnudo.com.mx\/wp-content\/uploads\/2024\/04\/FIRMA-EDITORIAL-PD-2.jpg?resize=300%2C37&amp;ssl=1 300w, https:\/\/i0.wp.com\/politicosaldesnudo.com.mx\/wp-content\/uploads\/2024\/04\/FIRMA-EDITORIAL-PD-2.jpg?resize=768%2C94&amp;ssl=1 768w\" sizes=\"auto, (max-width: 800px) 100vw, 800px\" \/><\/p>\n","protected":false},"excerpt":{"rendered":"<p>\u00a0Por Pepe Valencia\u00a0 Es evidente la intentona de Andr\u00e9s Manuel L\u00f3pez Obrador de continuar ejerciendo el poder m\u00e1s all\u00e1 de<\/p>\n","protected":false},"author":4,"featured_media":23766,"comment_status":"closed","ping_status":"closed","sticky":false,"template":"","format":"standard","meta":{"colormag_page_container_layout":"default_layout","colormag_page_sidebar_layout":"default_layout","_jetpack_memberships_contains_paid_content":false,"footnotes":"","jetpack_publicize_message":"","jetpack_publicize_feature_enabled":true,"jetpack_social_post_already_shared":false,"jetpack_social_options":{"image_generator_settings":{"template":"highway","default_image_id":0,"font":"","enabled":false},"version":2}},"categories":[26],"tags":[],"class_list":["post-35134","post","type-post","status-publish","format-standard","has-post-thumbnail","hentry","category-columnistas"],"jetpack_publicize_connections":[],"jetpack_featured_media_url":"https:\/\/i0.wp.com\/politicosaldesnudo.com.mx\/wp-content\/uploads\/2023\/09\/PEPE-VALENCIA.jpg?fit=711%2C394&ssl=1","jetpack-related-posts":[],"jetpack_sharing_enabled":true,"_links":{"self":[{"href":"https:\/\/politicosaldesnudo.com.mx\/index.php\/wp-json\/wp\/v2\/posts\/35134","targetHints":{"allow":["GET"]}}],"collection":[{"href":"https:\/\/politicosaldesnudo.com.mx\/index.php\/wp-json\/wp\/v2\/posts"}],"about":[{"href":"https:\/\/politicosaldesnudo.com.mx\/index.php\/wp-json\/wp\/v2\/types\/post"}],"author":[{"embeddable":true,"href":"https:\/\/politicosaldesnudo.com.mx\/index.php\/wp-json\/wp\/v2\/users\/4"}],"replies":[{"embeddable":true,"href":"https:\/\/politicosaldesnudo.com.mx\/index.php\/wp-json\/wp\/v2\/comments?post=35134"}],"version-history":[{"count":0,"href":"https:\/\/politicosaldesnudo.com.mx\/index.php\/wp-json\/wp\/v2\/posts\/35134\/revisions"}],"wp:featuredmedia":[{"embeddable":true,"href":"https:\/\/politicosaldesnudo.com.mx\/index.php\/wp-json\/wp\/v2\/media\/23766"}],"wp:attachment":[{"href":"https:\/\/politicosaldesnudo.com.mx\/index.php\/wp-json\/wp\/v2\/media?parent=35134"}],"wp:term":[{"taxonomy":"category","embeddable":true,"href":"https:\/\/politicosaldesnudo.com.mx\/index.php\/wp-json\/wp\/v2\/categories?post=35134"},{"taxonomy":"post_tag","embeddable":true,"href":"https:\/\/politicosaldesnudo.com.mx\/index.php\/wp-json\/wp\/v2\/tags?post=35134"}],"curies":[{"name":"wp","href":"https:\/\/api.w.org\/{rel}","templated":true}]}}