{"id":35387,"date":"2024-04-18T01:37:14","date_gmt":"2024-04-18T06:37:14","guid":{"rendered":"https:\/\/politicosaldesnudo.com.mx\/?p=35387"},"modified":"2024-04-18T01:37:14","modified_gmt":"2024-04-18T06:37:14","slug":"sev-llama-a-maestros-a-prevenir-golpes-de-calor","status":"publish","type":"post","link":"https:\/\/politicosaldesnudo.com.mx\/index.php\/2024\/04\/18\/sev-llama-a-maestros-a-prevenir-golpes-de-calor\/","title":{"rendered":"SEV llama a maestros a prevenir golpes de calor"},"content":{"rendered":"<p><span style=\"font-size: 14pt;\">Tuxpan.- El delegado regional de la Secretar\u00eda de Educaci\u00f3n de Veracruz On\u00e9simo P\u00e9rez Ramos,\u00a0 dio a conocer que se est\u00e1 haciendo la invitaci\u00f3n y el llamado a los docentes de todas las escuelas, sobre todo a los de nivel preescolar,\u00a0 primaria y secundaria,\u00a0 para los horarios de activaci\u00f3n o educaci\u00f3n f\u00edsica se lleven a cabo en horarios en donde se registren el sol muy fuerte,\u00a0 toda vez que hay planteles que no cuentan con domo y no tienen donde resguardarse,\u00a0 por lo que se est\u00e1 pidiendo que dicha materia se desarrolle en horarios como de 7 a 10 de la ma\u00f1ana o por la tarde entre 5 y 6 para las que son del turno vespertino.<\/span><\/p>\n<p><span style=\"font-size: 14pt;\">Explic\u00f3 que se busca evitar golpes de calor en los estudiantes ante las altas temperaturas que se vienen registrando, as\u00ed como otras complicaciones como enfermedades de la piel, insolaci\u00f3n o cuestiones que provoquen dolores de cabeza en los menores, a consecuencia de la exposici\u00f3n a los rayos del sol.<\/span><\/p>\n<p><span style=\"font-size: 14pt;\">Asimismo, hizo el llamado a los padres de familia para que tambi\u00e9n protejan a sus hijos en esta temporada, manteni\u00e9ndolos bien hidratados, asegur\u00e1ndose que lleven agua a la escuela, y si es posible que lleven sombrilla si es que tienen que volver solos a casa, sin importar que vivan cerca de las escuelas.<\/span><\/p>\n<p><span style=\"font-size: 14pt;\">Hasta el momento no se han reportado casos de golpes de calor e insolaci\u00f3n en alumnos de las diversas escuelas tanto de Tuxpan como del resto de la zona norte, por lo que esperan que este resultado se mantenga, aunque faltan todav\u00eda muchos meses de calor, y teniendo en cuenta que las altas temperaturas apenas comienzan y se espera sean m\u00e1s fuertes en los siguientes meses, es necesario extremar precauciones.<\/span><\/p>\n<p><span style=\"font-size: 14pt;\">P\u00e9rez Ramos, pidi\u00f3 tambi\u00e9n a maestros y padres de familia, que debido a que muchos ni\u00f1os forman parte de equipo deportivos en disciplinas como f\u00fatbol, basquetbol,\u00a0 voleibol,\u00a0 entre otros, tengan en cuenta de igual forma los horarios de las actividades,\u00a0 con el fin de evitar problemas en la salud de los estudiantes.<\/span><\/p>\n<p><span style=\"font-size: 14pt;\">La invitaci\u00f3n a prevenir incidentes por la ola de calor va tambi\u00e9n para presidentes de ligas deportivas, con el objetivo de que los encuentros deportivos se pacten en horarios adecuados, principalmente en donde se involucre a los ni\u00f1os de 5 a 11 a\u00f1os.<\/span><\/p>\n<p><span style=\"font-size: 14pt;\">Cabe recordar que la delegaci\u00f3n de la SEV ubicada en Tuxpan, comprende adem\u00e1s otros 16 municipios de la regi\u00f3n norte del estado, y en todos se est\u00e1n registrando temperaturas que van de los 32 a los 37 grados, con sensaciones t\u00e9rmicas superiores a los 40 grados.<\/span><\/p>\n","protected":false},"excerpt":{"rendered":"<p>Tuxpan.- El delegado regional de la Secretar\u00eda de Educaci\u00f3n de Veracruz On\u00e9simo P\u00e9rez Ramos,\u00a0 dio a conocer que se est\u00e1<\/p>\n","protected":false},"author":4,"featured_media":35388,"comment_status":"closed","ping_status":"closed","sticky":false,"template":"","format":"standard","meta":{"colormag_page_container_layout":"default_layout","colormag_page_sidebar_layout":"default_layout","_jetpack_memberships_contains_paid_content":false,"footnotes":"","jetpack_publicize_message":"","jetpack_publicize_feature_enabled":true,"jetpack_social_post_already_shared":false,"jetpack_social_options":{"image_generator_settings":{"template":"highway","default_image_id":0,"font":"","enabled":false},"version":2}},"categories":[1082],"tags":[],"class_list":["post-35387","post","type-post","status-publish","format-standard","has-post-thumbnail","hentry","category-tuxpan"],"jetpack_publicize_connections":[],"jetpack_featured_media_url":"https:\/\/i0.wp.com\/politicosaldesnudo.com.mx\/wp-content\/uploads\/2024\/04\/5a1-3.jpg?fit=1056%2C715&ssl=1","jetpack-related-posts":[],"jetpack_sharing_enabled":true,"_links":{"self":[{"href":"https:\/\/politicosaldesnudo.com.mx\/index.php\/wp-json\/wp\/v2\/posts\/35387","targetHints":{"allow":["GET"]}}],"collection":[{"href":"https:\/\/politicosaldesnudo.com.mx\/index.php\/wp-json\/wp\/v2\/posts"}],"about":[{"href":"https:\/\/politicosaldesnudo.com.mx\/index.php\/wp-json\/wp\/v2\/types\/post"}],"author":[{"embeddable":true,"href":"https:\/\/politicosaldesnudo.com.mx\/index.php\/wp-json\/wp\/v2\/users\/4"}],"replies":[{"embeddable":true,"href":"https:\/\/politicosaldesnudo.com.mx\/index.php\/wp-json\/wp\/v2\/comments?post=35387"}],"version-history":[{"count":0,"href":"https:\/\/politicosaldesnudo.com.mx\/index.php\/wp-json\/wp\/v2\/posts\/35387\/revisions"}],"wp:featuredmedia":[{"embeddable":true,"href":"https:\/\/politicosaldesnudo.com.mx\/index.php\/wp-json\/wp\/v2\/media\/35388"}],"wp:attachment":[{"href":"https:\/\/politicosaldesnudo.com.mx\/index.php\/wp-json\/wp\/v2\/media?parent=35387"}],"wp:term":[{"taxonomy":"category","embeddable":true,"href":"https:\/\/politicosaldesnudo.com.mx\/index.php\/wp-json\/wp\/v2\/categories?post=35387"},{"taxonomy":"post_tag","embeddable":true,"href":"https:\/\/politicosaldesnudo.com.mx\/index.php\/wp-json\/wp\/v2\/tags?post=35387"}],"curies":[{"name":"wp","href":"https:\/\/api.w.org\/{rel}","templated":true}]}}