{"id":35439,"date":"2024-04-18T02:21:18","date_gmt":"2024-04-18T07:21:18","guid":{"rendered":"https:\/\/politicosaldesnudo.com.mx\/?p=35439"},"modified":"2024-04-18T02:21:18","modified_gmt":"2024-04-18T07:21:18","slug":"el-nuevo-paladin-cargado-a-los-yunes","status":"publish","type":"post","link":"https:\/\/politicosaldesnudo.com.mx\/index.php\/2024\/04\/18\/el-nuevo-paladin-cargado-a-los-yunes\/","title":{"rendered":"El nuevo \u201cpalad\u00edn\u201d cargado a los Yunes"},"content":{"rendered":"<p><span style=\"font-size: 14pt;\"><strong>Por: Luis Ram\u00edrez Baqueiro<\/strong><\/span><\/p>\n<p><span style=\"font-size: 14pt;\"><em>\u201cNo vayas contra lo que no es justo para conseguir el elogio de los dem\u00e1s.\u201d \u2013 Lao Tse.<\/em><\/span><\/p>\n<p><span style=\"font-size: 14pt;\"><strong>Vaya incursi\u00f3n la que ha hecho el empresario de San Rafael, Arturo Castagn\u00e9 Couturier, en la pol\u00edtica nacional.<\/strong><\/span><\/p>\n<p><span style=\"font-size: 14pt;\"><strong>Convertido en una especie de \u201cpalad\u00edn\u201d de la justicia \u2013al que nadie eligi\u00f3, mucho menos pidi\u00f3- se ha dedicado a recorrer el pa\u00eds, recabar y documentar informaci\u00f3n, acudir a diversos puntos para seg\u00fan el poder acreditar que la candidata de la Coalici\u00f3n \u201cSigamos haciendo Historia\u201d, Norma Roc\u00edo Nahle Garc\u00eda, ha amasado una inmensa fortuna al amparo de su funci\u00f3n p\u00fablica, pues seg\u00fan \u00e9l no es explicable que tenga las propiedades que la propia Nahle Garc\u00eda ha acreditado en sus declaraciones patrimoniales.<\/strong><\/span><\/p>\n<p><span style=\"font-size: 14pt;\"><strong>Todo esto lo hace Castagn\u00e9 Couturier por su gran amor a Veracruz (aj\u00e1).<\/strong><\/span><\/p>\n<p><span style=\"font-size: 14pt;\"><strong>Hasta ahora, el personaje no ha comentado \u00bfcu\u00e1nto se ha gastado para realizar una cruzada de investigaci\u00f3n en diversas ciudades del pa\u00eds?, \u00bfqui\u00e9n se la ha financiado?, pero lo cierto es que su gran haza\u00f1a de alg\u00fan lado est\u00e1 siendo sufragada.<\/strong><\/span><\/p>\n<p><span style=\"font-size: 14pt;\"><strong>Y es que las virtudes de este defensor denodado en favor de un solo proyecto pol\u00edtico \u2013yunismo-, resultan en extremo sospechosas.<\/strong><\/span><\/p>\n<p><span style=\"font-size: 14pt;\"><strong>Analicemos un poco su historia.<\/strong><\/span><\/p>\n<p><span style=\"font-size: 14pt;\"><strong>Arturo Castagn\u00e9 Couturier, originario de San Rafael, Veracruz, ha ejercido roles significativos tanto en el \u00e1mbito empresarial como en el servicio p\u00fablico. Ejerci\u00f3 como presidente de la Fundaci\u00f3n Produce de Veracruz A.C., enfocada en el impulso de proyectos agr\u00edcolas y de desarrollo sostenible \u2013de donde se afirma habr\u00eda salido con graves da\u00f1os patrimoniales- cercanos a las 8.5 millones de pesos sin comprobar y por los cuales habr\u00eda sido denunciado ante las instancias jurisdiccionales.\u00a0<a href=\"https:\/\/veracruz.quadratin.com.mx\/arturo-castagne-a-un-paso-de-la-carcel-por-desviar-8-5-mdp-de-sagarpa\/\">https:\/\/veracruz.quadratin.com.mx\/arturo-castagne-a-un-paso-de-la-carcel-por-desviar-8-5-mdp-de-sagarpa\/<\/a><\/strong><\/span><\/p>\n<p><span style=\"font-size: 14pt;\"><strong>Adem\u00e1s, ocup\u00f3 el cargo de subsecretario de Promoci\u00f3n y Desarrollo Empresarial dentro de la Secretar\u00eda de Desarrollo Econ\u00f3mico (SEDECOP) de Veracruz, bajo la administraci\u00f3n de Miguel Alem\u00e1n y Fidel Herrera Beltr\u00e1n. Actualmente se ha convertido en un cercano a la familia Yunes -del Estero-, con quien se le ha visto reunido en varias ocasiones, inclusive recientemente en el Aeropuerto de Veracruz.<\/strong><\/span><\/p>\n<p><span style=\"font-size: 14pt;\"><strong>Su aparici\u00f3n estelar en las redes sociales obedeci\u00f3 a un lamentable hecho que afecto a su c\u00edrculo familiar, tras el asesinato de su hijo en el vecino estado de Puebla, lo que incremento su activismo en contra del actual r\u00e9gimen pol\u00edtico en reclamo de mayores acciones de seguridad y principalmente de justicia, algo sumamente comprensible y razonable.<\/strong><\/span><\/p>\n<p><span style=\"font-size: 14pt;\"><strong>Lo que llama la atenci\u00f3n es que su activismo obedece exclusivamente a reclamar transparencia al actual r\u00e9gimen en el poder y a su candidata Roc\u00edo Nahle, sin que su indignaci\u00f3n sea la misma para con los actuales actores pol\u00edticos de la oposici\u00f3n.<\/strong><\/span><\/p>\n<p><span style=\"font-size: 14pt;\"><strong>Cabe recordar que los se\u00f1alamientos de enriquecimiento il\u00edcito pesan fuertemente sobre quienes hoy son sus cercanos, se habla de desfalcos millonarios a su paso por el ISSSTE, por las administraciones estatales y municipales, sin que, de ello, este generoso palad\u00edn de la justicia diga nada.<\/strong><\/span><\/p>\n<p><span style=\"font-size: 14pt;\"><strong>Lo cierto es que en ese af\u00e1n por pretender ayudar a la sociedad veracruzana a esclarecer lo que a su parecer no queda claro o no cuadra, ha violentado directamente a una actriz pol\u00edtica que con el sustento legal participa de la contienda electoral.<\/strong><\/span><\/p>\n<p><span style=\"font-size: 14pt;\"><strong>El referir que la candidata Roc\u00edo Nahle Garc\u00eda \u201cno puede gobernar Veracruz\u201d si es violencia pol\u00edtica de g\u00e9nero. Ya en otros momentos, ese argumento ha sido suficiente, para que algunos otros actores hayan sido condenados e impedidos para concursar de los procesos electorales.<\/strong><\/span><\/p>\n<p><span style=\"font-size: 14pt;\"><strong>Y no vaya siendo que despu\u00e9s de hacer perder a su candidato Pepe Yunes, en el pr\u00f3ximo proceso electoral municipal algunos de los que hoy vociferan abiertamente se pudieran quedar fuera de sus candidaturas.<\/strong><\/span><\/p>\n<p><span style=\"font-size: 14pt;\"><strong>\u00a0<\/strong><strong>Al tiempo.<\/strong><\/span><\/p>\n<p><img data-recalc-dims=\"1\" loading=\"lazy\" decoding=\"async\" class=\"aligncenter size-full wp-image-35435\" src=\"https:\/\/i0.wp.com\/politicosaldesnudo.com.mx\/wp-content\/uploads\/2024\/04\/FIRMA-EDITORIAL-PD-3.jpg?resize=800%2C98&#038;ssl=1\" alt=\"\" width=\"800\" height=\"98\" srcset=\"https:\/\/i0.wp.com\/politicosaldesnudo.com.mx\/wp-content\/uploads\/2024\/04\/FIRMA-EDITORIAL-PD-3.jpg?w=1024&amp;ssl=1 1024w, https:\/\/i0.wp.com\/politicosaldesnudo.com.mx\/wp-content\/uploads\/2024\/04\/FIRMA-EDITORIAL-PD-3.jpg?resize=300%2C37&amp;ssl=1 300w, https:\/\/i0.wp.com\/politicosaldesnudo.com.mx\/wp-content\/uploads\/2024\/04\/FIRMA-EDITORIAL-PD-3.jpg?resize=768%2C94&amp;ssl=1 768w\" sizes=\"auto, (max-width: 800px) 100vw, 800px\" \/><\/p>\n","protected":false},"excerpt":{"rendered":"<p>Por: Luis Ram\u00edrez Baqueiro \u201cNo vayas contra lo que no es justo para conseguir el elogio de los dem\u00e1s.\u201d \u2013<\/p>\n","protected":false},"author":4,"featured_media":34108,"comment_status":"closed","ping_status":"closed","sticky":false,"template":"","format":"standard","meta":{"colormag_page_container_layout":"default_layout","colormag_page_sidebar_layout":"default_layout","_jetpack_memberships_contains_paid_content":false,"footnotes":"","jetpack_publicize_message":"","jetpack_publicize_feature_enabled":true,"jetpack_social_post_already_shared":false,"jetpack_social_options":{"image_generator_settings":{"template":"highway","default_image_id":0,"font":"","enabled":false},"version":2}},"categories":[26],"tags":[],"class_list":["post-35439","post","type-post","status-publish","format-standard","has-post-thumbnail","hentry","category-columnistas"],"jetpack_publicize_connections":[],"jetpack_featured_media_url":"https:\/\/i0.wp.com\/politicosaldesnudo.com.mx\/wp-content\/uploads\/2024\/03\/BANNER-BAQUEIRO-1.jpg?fit=666%2C371&ssl=1","jetpack-related-posts":[],"jetpack_sharing_enabled":true,"_links":{"self":[{"href":"https:\/\/politicosaldesnudo.com.mx\/index.php\/wp-json\/wp\/v2\/posts\/35439","targetHints":{"allow":["GET"]}}],"collection":[{"href":"https:\/\/politicosaldesnudo.com.mx\/index.php\/wp-json\/wp\/v2\/posts"}],"about":[{"href":"https:\/\/politicosaldesnudo.com.mx\/index.php\/wp-json\/wp\/v2\/types\/post"}],"author":[{"embeddable":true,"href":"https:\/\/politicosaldesnudo.com.mx\/index.php\/wp-json\/wp\/v2\/users\/4"}],"replies":[{"embeddable":true,"href":"https:\/\/politicosaldesnudo.com.mx\/index.php\/wp-json\/wp\/v2\/comments?post=35439"}],"version-history":[{"count":0,"href":"https:\/\/politicosaldesnudo.com.mx\/index.php\/wp-json\/wp\/v2\/posts\/35439\/revisions"}],"wp:featuredmedia":[{"embeddable":true,"href":"https:\/\/politicosaldesnudo.com.mx\/index.php\/wp-json\/wp\/v2\/media\/34108"}],"wp:attachment":[{"href":"https:\/\/politicosaldesnudo.com.mx\/index.php\/wp-json\/wp\/v2\/media?parent=35439"}],"wp:term":[{"taxonomy":"category","embeddable":true,"href":"https:\/\/politicosaldesnudo.com.mx\/index.php\/wp-json\/wp\/v2\/categories?post=35439"},{"taxonomy":"post_tag","embeddable":true,"href":"https:\/\/politicosaldesnudo.com.mx\/index.php\/wp-json\/wp\/v2\/tags?post=35439"}],"curies":[{"name":"wp","href":"https:\/\/api.w.org\/{rel}","templated":true}]}}