{"id":35458,"date":"2024-04-19T01:58:00","date_gmt":"2024-04-19T06:58:00","guid":{"rendered":"https:\/\/politicosaldesnudo.com.mx\/?p=35458"},"modified":"2024-04-19T01:58:00","modified_gmt":"2024-04-19T06:58:00","slug":"piden-apoyo-para-ir-a-olimpiada","status":"publish","type":"post","link":"https:\/\/politicosaldesnudo.com.mx\/index.php\/2024\/04\/19\/piden-apoyo-para-ir-a-olimpiada\/","title":{"rendered":"Piden apoyo para ir a Olimpiada"},"content":{"rendered":"<p>Tuxpan.- La supervisi\u00f3n escolar del sistema de Telebachilleratos en Tuxpan est\u00e1 buscando el apoyo de las autoridades con el fin de que les brinden el transporte para poder dirigirse a la Olimpiada del Conocimiento en las materias de F\u00edsica, Qu\u00edmica, Matem\u00e1ticas, y Biolog\u00eda, y que as\u00ed esto no genere gastos para los estudiantes que acudir\u00e1 a representan al municipio,\u00a0 se\u00f1al\u00f3 Zenaido de R\u00edos,\u00a0 supervisor escolar.<\/p>\n<p>El evento se llevar\u00e1 a cabo el pr\u00f3ximo 26 de abril en el municipio de Papantla, por lo que est\u00e1n tocando puertas para conseguir un cami\u00f3n c\u00f3modo que lleve a los alumnos, maestros y algunos padres de familia a dicho evento del conocimiento.<\/p>\n<p>Dijo que los alumnos que participar\u00e1n est\u00e1n debidamente capacitados para la competencia, por lo que esperan excelentes resultados que les otorguen el pase a la etapa estatal que se realizar\u00e1 en el mes de junio en la Capital del Estado, y asegur\u00f3 que se tiene la confianza de que los alumnos de los Tebas de Tuxpan pongan en alto el nombre del municipio.<\/p>\n<p>Son un total de 18 alumnos los que estar\u00e1n participando en Papantla en la fase regional, ya que acuden los primeros, segundos y terceros lugares en cada asignatura que estar\u00e1 en competencia en la Olimpiada<\/p>\n<p>Asimismo, acudir\u00e1n 18 docentes, ya que cada estudiante participante lleva consigo a un asesor que el Telebachillerato asign\u00f3.<\/p>\n<p>La Olimpiada del Conocimiento en las materias se\u00f1aladas dar\u00e1 comienzo con la inauguraci\u00f3n a las 8 de la ma\u00f1ana, y se prev\u00e9 la clausura para la 1 de la tarde aproximadamente.<\/p>\n<p>Estar\u00e1n participando 6 zonas en este evento regional, las cuales son: Papantla, Coatzintla, Coyutla, Espinal, Poza Rica y Tuxpan.<\/p>\n<p>Zenaido de los R\u00edos coment\u00f3 que la zona de Tuxpan ha logrado destacar en Matem\u00e1ticas y F\u00edsica, logrando sus pases para la fase estatal, sin embargo, en esta ocasi\u00f3n se espera tambi\u00e9n conseguir el boleto en las otras materias, ya que los alumnos van debidamente preparados para ser competitivos con las dem\u00e1s zonas de la regi\u00f3n.<\/p>\n<p>Cabe se\u00f1alar que en cuanto a la solicitud del transporte se tiene la confianza de conseguir una respuesta satisfactoria por parte de las autoridades, de lo contrario se buscar\u00e1 la manera de que los chicos y docentes acudan sin problema a dicho concurso.<\/p>\n","protected":false},"excerpt":{"rendered":"<p>Tuxpan.- La supervisi\u00f3n escolar del sistema de Telebachilleratos en Tuxpan est\u00e1 buscando el apoyo de las autoridades con el fin<\/p>\n","protected":false},"author":4,"featured_media":35459,"comment_status":"closed","ping_status":"closed","sticky":false,"template":"","format":"standard","meta":{"colormag_page_container_layout":"default_layout","colormag_page_sidebar_layout":"default_layout","_jetpack_memberships_contains_paid_content":false,"footnotes":"","jetpack_publicize_message":"","jetpack_publicize_feature_enabled":true,"jetpack_social_post_already_shared":false,"jetpack_social_options":{"image_generator_settings":{"template":"highway","default_image_id":0,"font":"","enabled":false},"version":2}},"categories":[1082],"tags":[],"class_list":["post-35458","post","type-post","status-publish","format-standard","has-post-thumbnail","hentry","category-tuxpan"],"jetpack_publicize_connections":[],"jetpack_featured_media_url":"https:\/\/i0.wp.com\/politicosaldesnudo.com.mx\/wp-content\/uploads\/2024\/04\/4b2-1.jpg?fit=1080%2C810&ssl=1","jetpack-related-posts":[],"jetpack_sharing_enabled":true,"_links":{"self":[{"href":"https:\/\/politicosaldesnudo.com.mx\/index.php\/wp-json\/wp\/v2\/posts\/35458","targetHints":{"allow":["GET"]}}],"collection":[{"href":"https:\/\/politicosaldesnudo.com.mx\/index.php\/wp-json\/wp\/v2\/posts"}],"about":[{"href":"https:\/\/politicosaldesnudo.com.mx\/index.php\/wp-json\/wp\/v2\/types\/post"}],"author":[{"embeddable":true,"href":"https:\/\/politicosaldesnudo.com.mx\/index.php\/wp-json\/wp\/v2\/users\/4"}],"replies":[{"embeddable":true,"href":"https:\/\/politicosaldesnudo.com.mx\/index.php\/wp-json\/wp\/v2\/comments?post=35458"}],"version-history":[{"count":0,"href":"https:\/\/politicosaldesnudo.com.mx\/index.php\/wp-json\/wp\/v2\/posts\/35458\/revisions"}],"wp:featuredmedia":[{"embeddable":true,"href":"https:\/\/politicosaldesnudo.com.mx\/index.php\/wp-json\/wp\/v2\/media\/35459"}],"wp:attachment":[{"href":"https:\/\/politicosaldesnudo.com.mx\/index.php\/wp-json\/wp\/v2\/media?parent=35458"}],"wp:term":[{"taxonomy":"category","embeddable":true,"href":"https:\/\/politicosaldesnudo.com.mx\/index.php\/wp-json\/wp\/v2\/categories?post=35458"},{"taxonomy":"post_tag","embeddable":true,"href":"https:\/\/politicosaldesnudo.com.mx\/index.php\/wp-json\/wp\/v2\/tags?post=35458"}],"curies":[{"name":"wp","href":"https:\/\/api.w.org\/{rel}","templated":true}]}}