{"id":35462,"date":"2024-04-19T01:58:53","date_gmt":"2024-04-19T06:58:53","guid":{"rendered":"https:\/\/politicosaldesnudo.com.mx\/?p=35462"},"modified":"2024-04-19T01:58:53","modified_gmt":"2024-04-19T06:58:53","slug":"proyectan-un-museo-de-la-ciudad","status":"publish","type":"post","link":"https:\/\/politicosaldesnudo.com.mx\/index.php\/2024\/04\/19\/proyectan-un-museo-de-la-ciudad\/","title":{"rendered":"Proyectan un Museo de la Ciudad"},"content":{"rendered":"<p><span style=\"font-size: 14pt;\">Tuxpan.- La Secretaria de Cultura en el Estado Silvia Alejandre Prado, durante su visita en Tuxpan, coment\u00f3 que desde algunos a\u00f1os es de inter\u00e9s de las autoridades estatales y municipales, crear un Museo de la ciudad, que no hable solamente de los hallazgos que se han hecho esta localidad, sino tambi\u00e9n contar la historia desde la \u00e9poca prehisp\u00e1nica y colonial, adem\u00e1s de su identidad, tradiciones, el patrimonio intangible, entre otra informaci\u00f3n.<\/span><\/p>\n<p><span style=\"font-size: 14pt;\">A\u00f1adi\u00f3, que en pr\u00f3ximos d\u00edas estar\u00e1 arribando personal del INAH para verificar las piezas que se tienen en resguardo en el Ayuntamiento, pues asegura que este municipio cuenta con una gran colecci\u00f3n, as\u00ed como mucha historia que debe contarse y conservarse.<\/span><\/p>\n<p><span style=\"font-size: 14pt;\">La Secretaria de Cultura, mencion\u00f3 que se reunir\u00e1 con el mandatario municipal para establecer el espacio en donde se ubicar\u00e1 este museo, y felicito a las autoridades locales por el inter\u00e9s que han mostrado por preservar la riqueza arqueol\u00f3gica y atiende su patrimonio cultural de manera responsable, gestionando de manera adecuada.<\/span><\/p>\n<p><span style=\"font-size: 14pt;\">Indic\u00f3 que hoy en d\u00eda la cultura se est\u00e1 convirtiendo en un polo de desarrollo tur\u00edstico, econ\u00f3mico y social, porque cuando hay un hallazgo importante la gente lo quiere conocer, por ende, se trasladan tur\u00edsticamente al punto, esto genera derrama para los lugare\u00f1os y esto es importante para el desarrollo de la comunidad.<\/span><\/p>\n<p><span style=\"font-size: 14pt;\">Mencion\u00f3 que esperan pronto estar Inauguran el pr\u00f3ximo museo de la ciudad, para que m\u00e1s ciudadanos lleguen a este punto, porque la cultura tambi\u00e9n genera un importante desarrollo econ\u00f3mico.<\/span><\/p>\n","protected":false},"excerpt":{"rendered":"<p>Tuxpan.- La Secretaria de Cultura en el Estado Silvia Alejandre Prado, durante su visita en Tuxpan, coment\u00f3 que desde algunos<\/p>\n","protected":false},"author":4,"featured_media":35463,"comment_status":"closed","ping_status":"closed","sticky":false,"template":"","format":"standard","meta":{"colormag_page_container_layout":"default_layout","colormag_page_sidebar_layout":"default_layout","_jetpack_memberships_contains_paid_content":false,"footnotes":"","jetpack_publicize_message":"","jetpack_publicize_feature_enabled":true,"jetpack_social_post_already_shared":false,"jetpack_social_options":{"image_generator_settings":{"template":"highway","default_image_id":0,"font":"","enabled":false},"version":2}},"categories":[1082],"tags":[],"class_list":["post-35462","post","type-post","status-publish","format-standard","has-post-thumbnail","hentry","category-tuxpan"],"jetpack_publicize_connections":[],"jetpack_featured_media_url":"https:\/\/i0.wp.com\/politicosaldesnudo.com.mx\/wp-content\/uploads\/2024\/04\/5a-6.jpg?fit=1080%2C608&ssl=1","jetpack-related-posts":[],"jetpack_sharing_enabled":true,"_links":{"self":[{"href":"https:\/\/politicosaldesnudo.com.mx\/index.php\/wp-json\/wp\/v2\/posts\/35462","targetHints":{"allow":["GET"]}}],"collection":[{"href":"https:\/\/politicosaldesnudo.com.mx\/index.php\/wp-json\/wp\/v2\/posts"}],"about":[{"href":"https:\/\/politicosaldesnudo.com.mx\/index.php\/wp-json\/wp\/v2\/types\/post"}],"author":[{"embeddable":true,"href":"https:\/\/politicosaldesnudo.com.mx\/index.php\/wp-json\/wp\/v2\/users\/4"}],"replies":[{"embeddable":true,"href":"https:\/\/politicosaldesnudo.com.mx\/index.php\/wp-json\/wp\/v2\/comments?post=35462"}],"version-history":[{"count":0,"href":"https:\/\/politicosaldesnudo.com.mx\/index.php\/wp-json\/wp\/v2\/posts\/35462\/revisions"}],"wp:featuredmedia":[{"embeddable":true,"href":"https:\/\/politicosaldesnudo.com.mx\/index.php\/wp-json\/wp\/v2\/media\/35463"}],"wp:attachment":[{"href":"https:\/\/politicosaldesnudo.com.mx\/index.php\/wp-json\/wp\/v2\/media?parent=35462"}],"wp:term":[{"taxonomy":"category","embeddable":true,"href":"https:\/\/politicosaldesnudo.com.mx\/index.php\/wp-json\/wp\/v2\/categories?post=35462"},{"taxonomy":"post_tag","embeddable":true,"href":"https:\/\/politicosaldesnudo.com.mx\/index.php\/wp-json\/wp\/v2\/tags?post=35462"}],"curies":[{"name":"wp","href":"https:\/\/api.w.org\/{rel}","templated":true}]}}