{"id":35465,"date":"2024-04-19T02:01:12","date_gmt":"2024-04-19T07:01:12","guid":{"rendered":"https:\/\/politicosaldesnudo.com.mx\/?p=35465"},"modified":"2024-04-19T02:01:12","modified_gmt":"2024-04-19T07:01:12","slug":"panchito-1ro-cumplio-su-meta-de-ser-rey-del-carnaval","status":"publish","type":"post","link":"https:\/\/politicosaldesnudo.com.mx\/index.php\/2024\/04\/19\/panchito-1ro-cumplio-su-meta-de-ser-rey-del-carnaval\/","title":{"rendered":"Panchito 1ro, cumpli\u00f3 su meta de ser rey del Carnaval"},"content":{"rendered":"<p><span style=\"font-size: 14pt;\">Tuxpan.- Francisco Javier Hern\u00e1ndez Cruz, \u00abPanchito 1ro\u00bb rey del Carnaval Tuxpan 2024, un joven de 19 a\u00f1os, oriundo de este puerto, en entrevista para este medio se\u00f1al\u00f3 que desde hace 9 a\u00f1os ha participado activamente en las fiestas carnestolendas, ya que son de sus favoritas, y por ello se ha sumado a comparsas de m\u00fasica techno pop, y en ocasiones de salsa, pues el objetivo es compartir y contagiar la alegr\u00eda y el entusiasmo a todos los asistentes a dicha fiesta tuxpe\u00f1a.<\/span><\/p>\n<p><span style=\"font-size: 14pt;\">Dijo que, en el 2023, tras ser parte en una comparsa, tom\u00f3 la decisi\u00f3n de buscar ser el rey de estas fiestas en 2024, y aunque en un principio fue algo que solo se le ocurri\u00f3 decir, con el paso de los meses se fue interesando m\u00e1s en esa meta.<\/span><\/p>\n<p><span style=\"font-size: 14pt;\">Por ello desde el pasado mes de diciembre comenz\u00f3 ya a pensar en esta meta, junto con los amigos y familiares que le ofrecieron apoyo para lograrlo.<\/span><\/p>\n<p><span style=\"font-size: 14pt;\">En ese sentido iniciado el 2024, comenz\u00f3 a informarse del Carnaval, u comenzaron sus dudas, pues no sab\u00eda cu\u00e1l ser\u00eda el m\u00e9todo de elecci\u00f3n, sin embargo, comenz\u00f3 a ensayar coreograf\u00edas, mientras esperaba que saliera a la luz la convocatoria.<\/span><\/p>\n<p><span style=\"font-size: 14pt;\">Se\u00f1al\u00f3 que una vez que conoci\u00f3 la bases y el procedimiento, le entraron los nervios, pues comenz\u00f3 a escuchar quienes m\u00e1s se inscribir\u00edan para buscar la corona, asegura \u00abla verdad sent\u00ed que era mucha competencia, ya que varios ten\u00edan m\u00e1s experiencia, eran m\u00e1s conocidos,\u00a0 pero pues aun as\u00ed me anim\u00e9, adem\u00e1s de que mi familia y amigos me animaron para que siguiera y participara,\u00a0 fue por eso que tom\u00e9 la decisi\u00f3n y me inscrib\u00ed\u00bb.<\/span><\/p>\n<p><span style=\"font-size: 14pt;\">Durante el certamen realizado el pasado 13 de abril, Francisco Javier, pese a los nervios que lo invad\u00edan, opt\u00f3 por divertirse en el escenario sin pensar tanto en cuales pod\u00edan ser los resultados, coment\u00f3 que el ver y escuchar a su porra en donde se encontraban familiares qu\u00e9 llegaron de otros estados de la Rep\u00fablica solo para apoyarlo, le dio todo el valor y alegr\u00eda que necesitaba para dar los mejor de s\u00ed en sus presentaciones.<\/span><\/p>\n<p><span style=\"font-size: 14pt;\">Reconoci\u00f3 que la competencia estuvo re\u00f1ida,\u00a0 ya que sus dem\u00e1s compa\u00f1eros tambi\u00e9n pusieron su mejor empe\u00f1o en el escenario, sin embargo,\u00a0 el jurado decidi\u00f3 que la corona fuera para \u00e9l en esta ocasi\u00f3n, por lo que al escuchar los resultados, no se la cre\u00eda, ya que dijo \u00aben ese momento yo estaba nervioso,\u00a0 bloqueado, y cuando escuch\u00e9 mi nombre no lo pod\u00eda creer, salt\u00e9 y grit\u00e9 de alegr\u00eda, y comprob\u00e9 que todo esfuerzo tiene su recompensa, pues yo me estaba preparando para un evento as\u00ed desde hace varios meses\u00bb.<\/span><\/p>\n<p><span style=\"font-size: 14pt;\">Panchito 1ro ser\u00e1 el encargado de llevar la corona de rey, y tendr\u00e1 el compromiso de contagiar la alegr\u00eda a los asistentes durante los recorridos del Carnaval 2024, en ese contexto asegur\u00f3 que tiene preparadas muchas sorpresas y que el nombre de \u00abPanchito\u00bb ser\u00e1 recordado en los carnavales del municipio.<\/span><\/p>\n<p><span style=\"font-size: 14pt;\">Invit\u00f3 a todas las personas a acudir a estas fiestas con amigos y familiares del 2 al 6 de mayo, prometiendo un Carnaval inolvidable para cada uno de los asistentes.<\/span><\/p>\n","protected":false},"excerpt":{"rendered":"<p>Tuxpan.- Francisco Javier Hern\u00e1ndez Cruz, \u00abPanchito 1ro\u00bb rey del Carnaval Tuxpan 2024, un joven de 19 a\u00f1os, oriundo de este<\/p>\n","protected":false},"author":4,"featured_media":35466,"comment_status":"closed","ping_status":"closed","sticky":false,"template":"","format":"standard","meta":{"colormag_page_container_layout":"default_layout","colormag_page_sidebar_layout":"default_layout","_jetpack_memberships_contains_paid_content":false,"footnotes":"","jetpack_publicize_message":"","jetpack_publicize_feature_enabled":true,"jetpack_social_post_already_shared":false,"jetpack_social_options":{"image_generator_settings":{"template":"highway","default_image_id":0,"font":"","enabled":false},"version":2}},"categories":[1082],"tags":[],"class_list":["post-35465","post","type-post","status-publish","format-standard","has-post-thumbnail","hentry","category-tuxpan"],"jetpack_publicize_connections":[],"jetpack_featured_media_url":"https:\/\/i0.wp.com\/politicosaldesnudo.com.mx\/wp-content\/uploads\/2024\/04\/5b1-2.jpg?fit=1080%2C810&ssl=1","jetpack-related-posts":[],"jetpack_sharing_enabled":true,"_links":{"self":[{"href":"https:\/\/politicosaldesnudo.com.mx\/index.php\/wp-json\/wp\/v2\/posts\/35465","targetHints":{"allow":["GET"]}}],"collection":[{"href":"https:\/\/politicosaldesnudo.com.mx\/index.php\/wp-json\/wp\/v2\/posts"}],"about":[{"href":"https:\/\/politicosaldesnudo.com.mx\/index.php\/wp-json\/wp\/v2\/types\/post"}],"author":[{"embeddable":true,"href":"https:\/\/politicosaldesnudo.com.mx\/index.php\/wp-json\/wp\/v2\/users\/4"}],"replies":[{"embeddable":true,"href":"https:\/\/politicosaldesnudo.com.mx\/index.php\/wp-json\/wp\/v2\/comments?post=35465"}],"version-history":[{"count":0,"href":"https:\/\/politicosaldesnudo.com.mx\/index.php\/wp-json\/wp\/v2\/posts\/35465\/revisions"}],"wp:featuredmedia":[{"embeddable":true,"href":"https:\/\/politicosaldesnudo.com.mx\/index.php\/wp-json\/wp\/v2\/media\/35466"}],"wp:attachment":[{"href":"https:\/\/politicosaldesnudo.com.mx\/index.php\/wp-json\/wp\/v2\/media?parent=35465"}],"wp:term":[{"taxonomy":"category","embeddable":true,"href":"https:\/\/politicosaldesnudo.com.mx\/index.php\/wp-json\/wp\/v2\/categories?post=35465"},{"taxonomy":"post_tag","embeddable":true,"href":"https:\/\/politicosaldesnudo.com.mx\/index.php\/wp-json\/wp\/v2\/tags?post=35465"}],"curies":[{"name":"wp","href":"https:\/\/api.w.org\/{rel}","templated":true}]}}