{"id":35891,"date":"2024-04-25T08:19:49","date_gmt":"2024-04-25T13:19:49","guid":{"rendered":"https:\/\/politicosaldesnudo.com.mx\/?p=35891"},"modified":"2024-04-25T08:20:31","modified_gmt":"2024-04-25T13:20:31","slug":"rechazan-morenistas-candidatura-suplente","status":"publish","type":"post","link":"https:\/\/politicosaldesnudo.com.mx\/index.php\/2024\/04\/25\/rechazan-morenistas-candidatura-suplente\/","title":{"rendered":"Rechazan morenistas candidatura suplente"},"content":{"rendered":"<p><span style=\"font-size: 14pt;\">TUXPAN.- Los morenistas Tuxpe\u00f1os lamentan la determinaci\u00f3n en las c\u00fapulas partidistas, de nombrar a la ex alcaldesa de Tamiahua Citlalli Medell\u00edn, como suplente en la f\u00f3rmula a la Diputaci\u00f3n Local, acompa\u00f1ando posiblemente a Daniel Cortina, que ser\u00eda el virtual candidato.<\/span><\/p>\n<p><span style=\"font-size: 14pt;\">Morenistas porte\u00f1os, mencionaron que hab\u00eda tantas opciones para elegir, como para poner a una persona del Verde Ecologista, que a\u00fan presenta problemas por su desempe\u00f1o en sus actividades en la Presidencia Municipal del vecino municipio y ser una fuerte cr\u00edtica hacia el Presidente Andr\u00e9s Manuel L\u00f3pez Obrador y al proyecto de la Cuarta Transformaci\u00f3n.<\/span><\/p>\n<p><span style=\"font-size: 14pt;\">Indicaron que entre las posibles personas que hubiesen podido acompa\u00f1ar al joven en la f\u00f3rmula, estaban la tambi\u00e9n Regidora Lucero Res\u00e9ndis, la actual delegada del partido Esmeralda Ram\u00edrez, por el verde las regidoras Maryanela Monroy, Mar\u00eda del Pilar Mart\u00ednez; el l\u00edder de la agencia del Desarrollo Pedro Bautista, los alcaldes de los municipios que integran el distrito.<\/span><\/p>\n<p><span style=\"font-size: 14pt;\">A pesar de estas decisiones partidistas, comentaron que seguir\u00e1n trabajando para fortalecer la Cuarta Transformaci\u00f3n, y en lo que a ellos respecta siguen comprometidos siempre a buscar nada m\u00e1s el voto para su instituto pol\u00edtico, dejando en claro, que no apoyar\u00e1n la aspiraci\u00f3n de Medell\u00edn Careaga, situaci\u00f3n que vendr\u00e1 a dividir el apoyo de la coalici\u00f3n, puesto que, en el mismo Partido Verde, ten\u00edan la esperanza de que alguna otra persona fuera tomada en cuenta para la pr\u00f3xima elecci\u00f3n.<\/span><\/p>\n","protected":false},"excerpt":{"rendered":"<p>TUXPAN.- Los morenistas Tuxpe\u00f1os lamentan la determinaci\u00f3n en las c\u00fapulas partidistas, de nombrar a la ex alcaldesa de Tamiahua Citlalli<\/p>\n","protected":false},"author":4,"featured_media":35892,"comment_status":"closed","ping_status":"closed","sticky":false,"template":"","format":"standard","meta":{"colormag_page_container_layout":"default_layout","colormag_page_sidebar_layout":"default_layout","_jetpack_memberships_contains_paid_content":false,"footnotes":"","jetpack_publicize_message":"","jetpack_publicize_feature_enabled":true,"jetpack_social_post_already_shared":false,"jetpack_social_options":{"image_generator_settings":{"template":"highway","default_image_id":0,"font":"","enabled":false},"version":2}},"categories":[1082],"tags":[],"class_list":["post-35891","post","type-post","status-publish","format-standard","has-post-thumbnail","hentry","category-tuxpan"],"jetpack_publicize_connections":[],"jetpack_featured_media_url":"https:\/\/i0.wp.com\/politicosaldesnudo.com.mx\/wp-content\/uploads\/2024\/04\/5a-8.jpg?fit=1280%2C960&ssl=1","jetpack-related-posts":[],"jetpack_sharing_enabled":true,"_links":{"self":[{"href":"https:\/\/politicosaldesnudo.com.mx\/index.php\/wp-json\/wp\/v2\/posts\/35891","targetHints":{"allow":["GET"]}}],"collection":[{"href":"https:\/\/politicosaldesnudo.com.mx\/index.php\/wp-json\/wp\/v2\/posts"}],"about":[{"href":"https:\/\/politicosaldesnudo.com.mx\/index.php\/wp-json\/wp\/v2\/types\/post"}],"author":[{"embeddable":true,"href":"https:\/\/politicosaldesnudo.com.mx\/index.php\/wp-json\/wp\/v2\/users\/4"}],"replies":[{"embeddable":true,"href":"https:\/\/politicosaldesnudo.com.mx\/index.php\/wp-json\/wp\/v2\/comments?post=35891"}],"version-history":[{"count":0,"href":"https:\/\/politicosaldesnudo.com.mx\/index.php\/wp-json\/wp\/v2\/posts\/35891\/revisions"}],"wp:featuredmedia":[{"embeddable":true,"href":"https:\/\/politicosaldesnudo.com.mx\/index.php\/wp-json\/wp\/v2\/media\/35892"}],"wp:attachment":[{"href":"https:\/\/politicosaldesnudo.com.mx\/index.php\/wp-json\/wp\/v2\/media?parent=35891"}],"wp:term":[{"taxonomy":"category","embeddable":true,"href":"https:\/\/politicosaldesnudo.com.mx\/index.php\/wp-json\/wp\/v2\/categories?post=35891"},{"taxonomy":"post_tag","embeddable":true,"href":"https:\/\/politicosaldesnudo.com.mx\/index.php\/wp-json\/wp\/v2\/tags?post=35891"}],"curies":[{"name":"wp","href":"https:\/\/api.w.org\/{rel}","templated":true}]}}