{"id":35925,"date":"2024-04-25T09:11:44","date_gmt":"2024-04-25T14:11:44","guid":{"rendered":"https:\/\/politicosaldesnudo.com.mx\/?p=35925"},"modified":"2024-04-25T09:11:44","modified_gmt":"2024-04-25T14:11:44","slug":"gobierno-de-milei-se-alinea-a-embargo-economico-de-eu-a-cuba","status":"publish","type":"post","link":"https:\/\/politicosaldesnudo.com.mx\/index.php\/2024\/04\/25\/gobierno-de-milei-se-alinea-a-embargo-economico-de-eu-a-cuba\/","title":{"rendered":"Gobierno de Milei se alinea a embargo econ\u00f3mico de EU a Cuba"},"content":{"rendered":"<p><span style=\"font-size: 14pt;\">En un complejo y peligroso escenario pol\u00edtico en Argentina en momentos en que el gobierno del ultraderechista presidente Javier Milei, que lleg\u00f3 al gobierno declarando abiertamente que estaba siendo financiado por Israel y Estados Unidos, ha firmado entre otros, acuerdos que anulan la soberan\u00eda del pa\u00eds en el Atl\u00e1ntico Sur y en la codiciada Patagonia, entregando la mal llamada y estrat\u00e9gica hidrov\u00eda del R\u00edo Paran\u00e1, a un batall\u00f3n de militares estadounidense, ahora intenta ser el centro de los planes de Washington para golpear a Cuba, Venezuela y otros pa\u00edses de la regi\u00f3n.<\/span><\/p>\n<p><span style=\"font-size: 14pt;\">Cubana de Aviaci\u00f3n, l\u00ednea a\u00e9rea de la rep\u00fablica de Cuba, debi\u00f3 cancelar este mi\u00e9rcoles vuelos a Buenos Aires porque las locales se niegan a proveerlos de combustible, lo que significa que podemos esperar una serie de acciones contra ese pa\u00eds.<\/span><\/p>\n<p><span style=\"font-size: 14pt;\">\u201cAnte la abrupta negativa de las empresas proveedoras de combustible de aviaci\u00f3n en la Rep\u00fablica Argentina de prestar servicio a la aerol\u00ednea Cubana de Aviaci\u00f3n y a sus vuelos autorizados por la ANAC invocando disposiciones de las medidas de bloqueo de Estados Unidos contra Cuba\u201d, se\u00f1ala un comunicado de esa empresa.<\/span><\/p>\n<p><span style=\"font-size: 14pt;\">Tambi\u00e9n informa que los vuelos de Cubana que deb\u00edan salir entre el 23 y 24 de abril fueron cancelados y la negativa alcanza a otras l\u00edneas a\u00e9reas contratadas por la empresa cubana para tratar de trasladar a los pasajeros afectados impidiendo de esta forma cumplir con los compromisos asumidos por esa aerol\u00ednea.<\/span><\/p>\n<p><span style=\"font-size: 14pt;\">Esto tambi\u00e9n afecta a los pasajeros argentinos que est\u00e1n en Cuba, a los que Cubana responsablemente trata de ubicar en otras aerol\u00edneas de regreso a este pa\u00eds.<\/span><\/p>\n","protected":false},"excerpt":{"rendered":"<p>En un complejo y peligroso escenario pol\u00edtico en Argentina en momentos en que el gobierno del ultraderechista presidente Javier Milei,<\/p>\n","protected":false},"author":4,"featured_media":35926,"comment_status":"closed","ping_status":"closed","sticky":false,"template":"","format":"standard","meta":{"colormag_page_container_layout":"default_layout","colormag_page_sidebar_layout":"default_layout","_jetpack_memberships_contains_paid_content":false,"footnotes":"","jetpack_publicize_message":"","jetpack_publicize_feature_enabled":true,"jetpack_social_post_already_shared":false,"jetpack_social_options":{"image_generator_settings":{"template":"highway","default_image_id":0,"font":"","enabled":false},"version":2}},"categories":[28],"tags":[37,3422,3112],"class_list":["post-35925","post","type-post","status-publish","format-standard","has-post-thumbnail","hentry","category-internacional","tag-cuba","tag-embargo","tag-milei"],"jetpack_publicize_connections":[],"jetpack_featured_media_url":"https:\/\/i0.wp.com\/politicosaldesnudo.com.mx\/wp-content\/uploads\/2024\/04\/2a5e0e92fb7ba33984fcf93703310d93.jpg?fit=639%2C373&ssl=1","jetpack-related-posts":[],"jetpack_sharing_enabled":true,"_links":{"self":[{"href":"https:\/\/politicosaldesnudo.com.mx\/index.php\/wp-json\/wp\/v2\/posts\/35925","targetHints":{"allow":["GET"]}}],"collection":[{"href":"https:\/\/politicosaldesnudo.com.mx\/index.php\/wp-json\/wp\/v2\/posts"}],"about":[{"href":"https:\/\/politicosaldesnudo.com.mx\/index.php\/wp-json\/wp\/v2\/types\/post"}],"author":[{"embeddable":true,"href":"https:\/\/politicosaldesnudo.com.mx\/index.php\/wp-json\/wp\/v2\/users\/4"}],"replies":[{"embeddable":true,"href":"https:\/\/politicosaldesnudo.com.mx\/index.php\/wp-json\/wp\/v2\/comments?post=35925"}],"version-history":[{"count":0,"href":"https:\/\/politicosaldesnudo.com.mx\/index.php\/wp-json\/wp\/v2\/posts\/35925\/revisions"}],"wp:featuredmedia":[{"embeddable":true,"href":"https:\/\/politicosaldesnudo.com.mx\/index.php\/wp-json\/wp\/v2\/media\/35926"}],"wp:attachment":[{"href":"https:\/\/politicosaldesnudo.com.mx\/index.php\/wp-json\/wp\/v2\/media?parent=35925"}],"wp:term":[{"taxonomy":"category","embeddable":true,"href":"https:\/\/politicosaldesnudo.com.mx\/index.php\/wp-json\/wp\/v2\/categories?post=35925"},{"taxonomy":"post_tag","embeddable":true,"href":"https:\/\/politicosaldesnudo.com.mx\/index.php\/wp-json\/wp\/v2\/tags?post=35925"}],"curies":[{"name":"wp","href":"https:\/\/api.w.org\/{rel}","templated":true}]}}