{"id":35928,"date":"2024-04-25T09:15:18","date_gmt":"2024-04-25T14:15:18","guid":{"rendered":"https:\/\/politicosaldesnudo.com.mx\/?p=35928"},"modified":"2024-04-25T09:15:18","modified_gmt":"2024-04-25T14:15:18","slug":"pedro-sanchez-evalua-dimitir","status":"publish","type":"post","link":"https:\/\/politicosaldesnudo.com.mx\/index.php\/2024\/04\/25\/pedro-sanchez-evalua-dimitir\/","title":{"rendered":"Pedro S\u00e1nchez eval\u00faa dimitir"},"content":{"rendered":"<p class=\"s-s\"><span style=\"font-size: 14pt;\">El presidente del gobierno espa\u00f1ol, el socialista Pedro S\u00e1nchez, anunci\u00f3 ayer de manera sorpresiva que analiza su posible renuncia, y calific\u00f3 de\u00a0<q>falsas<\/q>\u00a0las acusaciones de tr\u00e1fico de influencias y corrupci\u00f3n por las que la justicia decidi\u00f3 investigar a su esposa, Bego\u00f1a G\u00f3mez, tras una demanda presentada por la organizaci\u00f3n Manos Limpias, que se ha caracterizado por entablar querellas principalmente por causas de la derecha.<\/span><\/p>\n<p><span style=\"font-size: 14pt;\"><q>Necesito parar y reflexionar. \u00bfMerece la pena todo esto? Sinceramente, no lo s\u00e9. Me urge responderme a la pregunta de si debo continuar al frente del gobierno o renunciar a este alto honor<\/q>, indic\u00f3 S\u00e1nchez en carta abierta dirigida a la ciudadan\u00eda y divulgada en sus redes sociales, despu\u00e9s de una sesi\u00f3n parlamentaria en la que tanto el derechista Partido Popular (PP) como la extrema derecha de Vox cuestionaron su responsabilidad en la actuaci\u00f3n de su esposa, que seg\u00fan versiones period\u00edsticas, utiliz\u00f3 su posici\u00f3n para hacer negocios personales y auxiliar a empresarios afines con rescates para los que us\u00f3 fondos p\u00fablicos.<\/span><\/p>\n<p><span style=\"font-size: 14pt;\">La investigaci\u00f3n preliminar sobre Bego\u00f1a G\u00f3mez por sospechas de tr\u00e1fico de influencias y corrupci\u00f3n fue abierta el 16 de abril, tras la denuncia de Manos Limpias, colectivo cercano a la extrema derecha, anunci\u00f3 ayer el Tribunal Superior de Justicia de Madrid.<\/span><\/p>\n<p><span style=\"font-size: 14pt;\">Las diligencias son\u00a0<q>secretas<\/q>, ataj\u00f3 la corte.<\/span><\/p>\n<p><span style=\"font-size: 14pt;\">S\u00e1nchez, de 52 a\u00f1os, relegido por el Parlamento en noviembre pasado, inform\u00f3 que el pr\u00f3ximo lunes dar\u00e1 a conocer su decisi\u00f3n.<\/span><\/p>\n<p><span style=\"font-size: 14pt;\">El presidente del gobierno espa\u00f1ol rechaz\u00f3 la denuncia que, a su juicio, est\u00e1 basada en hechos\u00a0<q>inexistentes<\/q>.<\/span><\/p>\n<p><span style=\"font-size: 14pt;\"><q>No soy ingenuo. Estoy consciente de que denuncian a Bego\u00f1a no porque haya hecho algo ilegal, sino por ser mi esposa<\/q>, escribi\u00f3.<\/span><\/p>\n","protected":false},"excerpt":{"rendered":"<p>El presidente del gobierno espa\u00f1ol, el socialista Pedro S\u00e1nchez, anunci\u00f3 ayer de manera sorpresiva que analiza su posible renuncia, y<\/p>\n","protected":false},"author":4,"featured_media":35929,"comment_status":"closed","ping_status":"closed","sticky":false,"template":"","format":"standard","meta":{"colormag_page_container_layout":"default_layout","colormag_page_sidebar_layout":"default_layout","_jetpack_memberships_contains_paid_content":false,"footnotes":"","jetpack_publicize_message":"","jetpack_publicize_feature_enabled":true,"jetpack_social_post_already_shared":false,"jetpack_social_options":{"image_generator_settings":{"template":"highway","default_image_id":0,"font":"","enabled":false},"version":2}},"categories":[28],"tags":[588,783],"class_list":["post-35928","post","type-post","status-publish","format-standard","has-post-thumbnail","hentry","category-internacional","tag-pedro-sanchez","tag-renuncia"],"jetpack_publicize_connections":[],"jetpack_featured_media_url":"https:\/\/i0.wp.com\/politicosaldesnudo.com.mx\/wp-content\/uploads\/2024\/04\/ca-times.brightspotcdn-3.jpg?fit=1200%2C800&ssl=1","jetpack-related-posts":[],"jetpack_sharing_enabled":true,"_links":{"self":[{"href":"https:\/\/politicosaldesnudo.com.mx\/index.php\/wp-json\/wp\/v2\/posts\/35928","targetHints":{"allow":["GET"]}}],"collection":[{"href":"https:\/\/politicosaldesnudo.com.mx\/index.php\/wp-json\/wp\/v2\/posts"}],"about":[{"href":"https:\/\/politicosaldesnudo.com.mx\/index.php\/wp-json\/wp\/v2\/types\/post"}],"author":[{"embeddable":true,"href":"https:\/\/politicosaldesnudo.com.mx\/index.php\/wp-json\/wp\/v2\/users\/4"}],"replies":[{"embeddable":true,"href":"https:\/\/politicosaldesnudo.com.mx\/index.php\/wp-json\/wp\/v2\/comments?post=35928"}],"version-history":[{"count":0,"href":"https:\/\/politicosaldesnudo.com.mx\/index.php\/wp-json\/wp\/v2\/posts\/35928\/revisions"}],"wp:featuredmedia":[{"embeddable":true,"href":"https:\/\/politicosaldesnudo.com.mx\/index.php\/wp-json\/wp\/v2\/media\/35929"}],"wp:attachment":[{"href":"https:\/\/politicosaldesnudo.com.mx\/index.php\/wp-json\/wp\/v2\/media?parent=35928"}],"wp:term":[{"taxonomy":"category","embeddable":true,"href":"https:\/\/politicosaldesnudo.com.mx\/index.php\/wp-json\/wp\/v2\/categories?post=35928"},{"taxonomy":"post_tag","embeddable":true,"href":"https:\/\/politicosaldesnudo.com.mx\/index.php\/wp-json\/wp\/v2\/tags?post=35928"}],"curies":[{"name":"wp","href":"https:\/\/api.w.org\/{rel}","templated":true}]}}