{"id":35934,"date":"2024-04-25T09:36:04","date_gmt":"2024-04-25T14:36:04","guid":{"rendered":"https:\/\/politicosaldesnudo.com.mx\/?p=35934"},"modified":"2024-04-25T09:36:04","modified_gmt":"2024-04-25T14:36:04","slug":"coparmex-podria-apoyar-a-trabajadores","status":"publish","type":"post","link":"https:\/\/politicosaldesnudo.com.mx\/index.php\/2024\/04\/25\/coparmex-podria-apoyar-a-trabajadores\/","title":{"rendered":"Coparmex podr\u00eda apoyar a trabajadores"},"content":{"rendered":"<p><span style=\"font-size: 14pt;\">Xalapa.- La Coparmex podr\u00eda apoyar a los trabajadores que decidan recurrir a amparos contra la reforma que permite al gobierno federal echar mano de las Afores de personas de m\u00e1s de 70 a\u00f1os no reclamadas, recientemente aprobada en el Congreso Federal y enviada al Senado de la Rep\u00fablica, asever\u00f3 el presidente de la delegaci\u00f3n Xalapa, Juan Carlos D\u00edaz Morante.<\/span><\/p>\n<p><span style=\"font-size: 14pt;\">El representante empresarial consider\u00f3 indispensable que las autoridades den a conocer c\u00f3mo funcionar\u00e1 el fideicomiso denominado Bolsa de Pensi\u00f3n Bienestar, as\u00ed como qui\u00e9n lo operar\u00e1 y para qu\u00e9 ser\u00e1n destinados los recursos.<\/span><\/p>\n<p><span style=\"font-size: 14pt;\">Cuestionado en torno a si estar\u00edan dispuestos a apoyar a aquellos trabajadores que busquen ampararse respondi\u00f3 \u201cNosotros como Coparmex siempre estamos a favor de la legalidad, de respetar las leyes y respetar la Constituci\u00f3n, los riesgos es adonde se van a destinar esos recursos\u201d.<\/span><\/p>\n<p><span style=\"font-size: 14pt;\">Adem\u00e1s, record\u00f3 que M\u00e9xico destina para el pago de pensiones alrededor de un 30 por ciento de su presupuesto, por lo que es necesaria una reforma para el sistema de pensiones del pa\u00eds.<\/span><\/p>\n<p><span style=\"font-size: 14pt;\">\u201cCreemos que M\u00e9xico es un pa\u00eds que se est\u00e1 haciendo viejo, ahorita, hoy por hoy casi un 30 por ciento del presupuesto de la federaci\u00f3n se va al pago de pensiones, se ha aumentado apoyo a adultos mayores, estamos hablando que en el 2070 ser\u00e1 un 70 por ciento. Ya debe haber una reforma con urgencia a la Ley de Pensiones\u201d.<\/span><\/p>\n<p><span style=\"font-size: 14pt;\">Y es que, dijo, M\u00e9xico la tasa de j\u00f3venes se est\u00e1 empezando a reducir y entonces la fuerza productiva mantendr\u00e1 a las Afores de d\u00f3nde va a salir, por lo que se debe replantear porque es un problema que viene a futuro.<\/span><\/p>\n<p><span style=\"font-size: 14pt;\">Finalmente, destac\u00f3 que en pa\u00edses como Espa\u00f1a se tiene un grave problema con el tema de pensiones.<\/span><\/p>\n","protected":false},"excerpt":{"rendered":"<p>Xalapa.- La Coparmex podr\u00eda apoyar a los trabajadores que decidan recurrir a amparos contra la reforma que permite al gobierno<\/p>\n","protected":false},"author":4,"featured_media":35935,"comment_status":"closed","ping_status":"closed","sticky":false,"template":"","format":"standard","meta":{"colormag_page_container_layout":"default_layout","colormag_page_sidebar_layout":"default_layout","_jetpack_memberships_contains_paid_content":false,"footnotes":"","jetpack_publicize_message":"","jetpack_publicize_feature_enabled":true,"jetpack_social_post_already_shared":false,"jetpack_social_options":{"image_generator_settings":{"template":"highway","default_image_id":0,"font":"","enabled":false},"version":2}},"categories":[30],"tags":[],"class_list":["post-35934","post","type-post","status-publish","format-standard","has-post-thumbnail","hentry","category-estados"],"jetpack_publicize_connections":[],"jetpack_featured_media_url":"https:\/\/i0.wp.com\/politicosaldesnudo.com.mx\/wp-content\/uploads\/2024\/04\/8c-5.jpg?fit=1280%2C960&ssl=1","jetpack-related-posts":[],"jetpack_sharing_enabled":true,"_links":{"self":[{"href":"https:\/\/politicosaldesnudo.com.mx\/index.php\/wp-json\/wp\/v2\/posts\/35934","targetHints":{"allow":["GET"]}}],"collection":[{"href":"https:\/\/politicosaldesnudo.com.mx\/index.php\/wp-json\/wp\/v2\/posts"}],"about":[{"href":"https:\/\/politicosaldesnudo.com.mx\/index.php\/wp-json\/wp\/v2\/types\/post"}],"author":[{"embeddable":true,"href":"https:\/\/politicosaldesnudo.com.mx\/index.php\/wp-json\/wp\/v2\/users\/4"}],"replies":[{"embeddable":true,"href":"https:\/\/politicosaldesnudo.com.mx\/index.php\/wp-json\/wp\/v2\/comments?post=35934"}],"version-history":[{"count":0,"href":"https:\/\/politicosaldesnudo.com.mx\/index.php\/wp-json\/wp\/v2\/posts\/35934\/revisions"}],"wp:featuredmedia":[{"embeddable":true,"href":"https:\/\/politicosaldesnudo.com.mx\/index.php\/wp-json\/wp\/v2\/media\/35935"}],"wp:attachment":[{"href":"https:\/\/politicosaldesnudo.com.mx\/index.php\/wp-json\/wp\/v2\/media?parent=35934"}],"wp:term":[{"taxonomy":"category","embeddable":true,"href":"https:\/\/politicosaldesnudo.com.mx\/index.php\/wp-json\/wp\/v2\/categories?post=35934"},{"taxonomy":"post_tag","embeddable":true,"href":"https:\/\/politicosaldesnudo.com.mx\/index.php\/wp-json\/wp\/v2\/tags?post=35934"}],"curies":[{"name":"wp","href":"https:\/\/api.w.org\/{rel}","templated":true}]}}