{"id":36042,"date":"2024-04-27T01:21:50","date_gmt":"2024-04-27T06:21:50","guid":{"rendered":"https:\/\/politicosaldesnudo.com.mx\/?p=36042"},"modified":"2024-04-27T01:21:50","modified_gmt":"2024-04-27T06:21:50","slug":"promueven-en-ninos-la-cultura-ambiental","status":"publish","type":"post","link":"https:\/\/politicosaldesnudo.com.mx\/index.php\/2024\/04\/27\/promueven-en-ninos-la-cultura-ambiental\/","title":{"rendered":"Promueven en ni\u00f1os la cultura ambiental"},"content":{"rendered":"<p><span style=\"font-size: 14pt;\">Tuxpan.- Para continuar los festejos del D\u00eda del Ni\u00f1o en este municipio, alumnos de las Escuelas Primarias Ej\u00e9rcito Mexicano, Justo Sierra, Antonia Nava, Ej\u00e9rcito Nacional y \u00darsulo Galv\u00e1n, celebraron de una manera diferente, sorprendente y en contacto con la naturaleza, por lo que fueron invitados por autoridades municipales a recorrer las reservas ecol\u00f3gicas del municipio.<\/span><\/p>\n<p><span style=\"font-size: 14pt;\">Lo anterior, para que conociesen y descubrieran lo maravilloso de la naturaleza, pero tambi\u00e9n para inculcarles el cuidado del medio ambiente y tengan una mayor cultura en este tenor y lo puedan replicar en sus hogares<\/span><\/p>\n<p><span style=\"font-size: 14pt;\">En el \u00e1rea de conservaci\u00f3n pudieron recorrer la zona, con la gu\u00eda del personal de la APFF del Sistema Arrecifal Lobos-Tuxpan, con quienes conocieron, cargaron y aprendieron sobre reptiles que los llevaron, con el prop\u00f3sito de que observaran, cuales especies son comunes en este municipio y su nivel de peligrosidad.<\/span><\/p>\n<p><span style=\"font-size: 14pt;\">Con el equipo de Akga&#8217;Pun Kitsis&#8217;Tanka del Parque Ecol\u00f3gico UMA de municipio de Tihuatl\u00e1n, pudieron descubrir que especies tienen bajo si resguardo, adem\u00e1s de que participaron en diversos juegos recreativos con una Sociedad Cooperativa.<\/span><\/p>\n<p><span style=\"font-size: 14pt;\">En estas actividades particip\u00f3 el personal de la Direcci\u00f3n de Juventud y Recreaci\u00f3n, as\u00ed como la coordinaci\u00f3n de Medio Ambiente Municipal, gracias a la impulsora de este proyecto la maestra Anah\u00ed Aguilar, quien agradeci\u00f3 a los maestros y padres de familia por la confianza y permitirles llegar a los corazones de cada ni\u00f1o con algo diferente y que se les quedar\u00e1 grabado por siempre, todo con el prop\u00f3sito de seguir cultivando en ellos el amor a la naturaleza, el procurarla y comenzar a hacer el cambio desde casa.<\/span><\/p>\n","protected":false},"excerpt":{"rendered":"<p>Tuxpan.- Para continuar los festejos del D\u00eda del Ni\u00f1o en este municipio, alumnos de las Escuelas Primarias Ej\u00e9rcito Mexicano, Justo<\/p>\n","protected":false},"author":4,"featured_media":36043,"comment_status":"closed","ping_status":"closed","sticky":false,"template":"","format":"standard","meta":{"colormag_page_container_layout":"default_layout","colormag_page_sidebar_layout":"default_layout","_jetpack_memberships_contains_paid_content":false,"footnotes":"","jetpack_publicize_message":"","jetpack_publicize_feature_enabled":true,"jetpack_social_post_already_shared":false,"jetpack_social_options":{"image_generator_settings":{"template":"highway","default_image_id":0,"font":"","enabled":false},"version":2}},"categories":[1082],"tags":[],"class_list":["post-36042","post","type-post","status-publish","format-standard","has-post-thumbnail","hentry","category-tuxpan"],"jetpack_publicize_connections":[],"jetpack_featured_media_url":"https:\/\/i0.wp.com\/politicosaldesnudo.com.mx\/wp-content\/uploads\/2024\/04\/3c-8.jpg?fit=1280%2C720&ssl=1","jetpack-related-posts":[],"jetpack_sharing_enabled":true,"_links":{"self":[{"href":"https:\/\/politicosaldesnudo.com.mx\/index.php\/wp-json\/wp\/v2\/posts\/36042","targetHints":{"allow":["GET"]}}],"collection":[{"href":"https:\/\/politicosaldesnudo.com.mx\/index.php\/wp-json\/wp\/v2\/posts"}],"about":[{"href":"https:\/\/politicosaldesnudo.com.mx\/index.php\/wp-json\/wp\/v2\/types\/post"}],"author":[{"embeddable":true,"href":"https:\/\/politicosaldesnudo.com.mx\/index.php\/wp-json\/wp\/v2\/users\/4"}],"replies":[{"embeddable":true,"href":"https:\/\/politicosaldesnudo.com.mx\/index.php\/wp-json\/wp\/v2\/comments?post=36042"}],"version-history":[{"count":0,"href":"https:\/\/politicosaldesnudo.com.mx\/index.php\/wp-json\/wp\/v2\/posts\/36042\/revisions"}],"wp:featuredmedia":[{"embeddable":true,"href":"https:\/\/politicosaldesnudo.com.mx\/index.php\/wp-json\/wp\/v2\/media\/36043"}],"wp:attachment":[{"href":"https:\/\/politicosaldesnudo.com.mx\/index.php\/wp-json\/wp\/v2\/media?parent=36042"}],"wp:term":[{"taxonomy":"category","embeddable":true,"href":"https:\/\/politicosaldesnudo.com.mx\/index.php\/wp-json\/wp\/v2\/categories?post=36042"},{"taxonomy":"post_tag","embeddable":true,"href":"https:\/\/politicosaldesnudo.com.mx\/index.php\/wp-json\/wp\/v2\/tags?post=36042"}],"curies":[{"name":"wp","href":"https:\/\/api.w.org\/{rel}","templated":true}]}}