{"id":36189,"date":"2024-04-29T04:24:00","date_gmt":"2024-04-29T09:24:00","guid":{"rendered":"https:\/\/politicosaldesnudo.com.mx\/?p=36189"},"modified":"2024-04-29T04:24:00","modified_gmt":"2024-04-29T09:24:00","slug":"desmiente-cazarin-que-se-otorgaran-bases-sindicalizadas","status":"publish","type":"post","link":"https:\/\/politicosaldesnudo.com.mx\/index.php\/2024\/04\/29\/desmiente-cazarin-que-se-otorgaran-bases-sindicalizadas\/","title":{"rendered":"Desmiente Cazar\u00edn que se otorgaran bases sindicalizadas"},"content":{"rendered":"<p><span style=\"font-size: 14pt;\">Xalapa.- El presidente de la Junta de Coordinaci\u00f3n Pol\u00edtica (JUCOPO) del Congreso de Veracruz, Juan Javier G\u00f3mez Cazar\u00edn rechaz\u00f3 que se haya otorgado de bases sindicalizadas al personal del poder legislativo.<\/span><\/p>\n<p><span style=\"font-size: 14pt;\">\u201cQuiero dejarles el aviso de que todas esas listas que traen de trabajadores sindicalizados, naranjas, no hemos entregado ni un solo puesto, es totalmente falso\u201d, afirm\u00f3 G\u00f3mez Cazar\u00edn.<\/span><\/p>\n<p><span style=\"font-size: 14pt;\">Esto luego de que un pu\u00f1ado de reporteros y medios afines al frente opositor, aprovechando la \u00e9poca electoral para desestimar el trabajo de la Cuarta Transformaci\u00f3n, se dedicaron a la difusi\u00f3n de una presunta lista con nombres de diversos trabajadores del Congreso de Veracruz a los cuales se les otorg\u00f3 de base sindical.<\/span><\/p>\n<p><span style=\"font-size: 14pt;\">A su vez, G\u00f3mez Cazar\u00edn aprovech\u00f3 la ocasi\u00f3n para invitar al pueblo veracruzano a ver el debate realizado por el Organismo P\u00fablico Local Electoral (OPLE) y a los xalape\u00f1os a demostrar su apoyo a Roc\u00edo Nahle Garc\u00eda, candidata a la gubernatura de Veracruz por la coalici\u00f3n \u201cSigamos Haciendo Historia\u201d, el cual se llevar\u00e1 a cabo en el Museo de Antropolog\u00eda de Xalapa a las 18:00 horas de este s\u00e1bado.<\/span><\/p>\n","protected":false},"excerpt":{"rendered":"<p>Xalapa.- El presidente de la Junta de Coordinaci\u00f3n Pol\u00edtica (JUCOPO) del Congreso de Veracruz, Juan Javier G\u00f3mez Cazar\u00edn rechaz\u00f3 que<\/p>\n","protected":false},"author":4,"featured_media":36190,"comment_status":"closed","ping_status":"closed","sticky":false,"template":"","format":"standard","meta":{"colormag_page_container_layout":"default_layout","colormag_page_sidebar_layout":"default_layout","_jetpack_memberships_contains_paid_content":false,"footnotes":"","jetpack_publicize_message":"","jetpack_publicize_feature_enabled":true,"jetpack_social_post_already_shared":false,"jetpack_social_options":{"image_generator_settings":{"template":"highway","default_image_id":0,"font":"","enabled":false},"version":2}},"categories":[30],"tags":[],"class_list":["post-36189","post","type-post","status-publish","format-standard","has-post-thumbnail","hentry","category-estados"],"jetpack_publicize_connections":[],"jetpack_featured_media_url":"https:\/\/i0.wp.com\/politicosaldesnudo.com.mx\/wp-content\/uploads\/2024\/04\/8a-14.jpg?fit=1280%2C850&ssl=1","jetpack-related-posts":[],"jetpack_sharing_enabled":true,"_links":{"self":[{"href":"https:\/\/politicosaldesnudo.com.mx\/index.php\/wp-json\/wp\/v2\/posts\/36189","targetHints":{"allow":["GET"]}}],"collection":[{"href":"https:\/\/politicosaldesnudo.com.mx\/index.php\/wp-json\/wp\/v2\/posts"}],"about":[{"href":"https:\/\/politicosaldesnudo.com.mx\/index.php\/wp-json\/wp\/v2\/types\/post"}],"author":[{"embeddable":true,"href":"https:\/\/politicosaldesnudo.com.mx\/index.php\/wp-json\/wp\/v2\/users\/4"}],"replies":[{"embeddable":true,"href":"https:\/\/politicosaldesnudo.com.mx\/index.php\/wp-json\/wp\/v2\/comments?post=36189"}],"version-history":[{"count":0,"href":"https:\/\/politicosaldesnudo.com.mx\/index.php\/wp-json\/wp\/v2\/posts\/36189\/revisions"}],"wp:featuredmedia":[{"embeddable":true,"href":"https:\/\/politicosaldesnudo.com.mx\/index.php\/wp-json\/wp\/v2\/media\/36190"}],"wp:attachment":[{"href":"https:\/\/politicosaldesnudo.com.mx\/index.php\/wp-json\/wp\/v2\/media?parent=36189"}],"wp:term":[{"taxonomy":"category","embeddable":true,"href":"https:\/\/politicosaldesnudo.com.mx\/index.php\/wp-json\/wp\/v2\/categories?post=36189"},{"taxonomy":"post_tag","embeddable":true,"href":"https:\/\/politicosaldesnudo.com.mx\/index.php\/wp-json\/wp\/v2\/tags?post=36189"}],"curies":[{"name":"wp","href":"https:\/\/api.w.org\/{rel}","templated":true}]}}