{"id":36221,"date":"2024-04-30T01:15:32","date_gmt":"2024-04-30T06:15:32","guid":{"rendered":"https:\/\/politicosaldesnudo.com.mx\/?p=36221"},"modified":"2024-04-30T01:15:32","modified_gmt":"2024-04-30T06:15:32","slug":"semana-de-intensos-calores","status":"publish","type":"post","link":"https:\/\/politicosaldesnudo.com.mx\/index.php\/2024\/04\/30\/semana-de-intensos-calores\/","title":{"rendered":"Semana de intensos calores"},"content":{"rendered":"<p><span style=\"font-size: 14pt;\">Tuxpan.- Esta semana el Servicio Meteorol\u00f3gico Nacional (SMN) report\u00f3 que diferentes localidades del estado de Veracruz alcanzar\u00edan temperaturas de m\u00e1s de 45 grados cent\u00edgrados en sensaciones t\u00e9rmicas.<\/span><\/p>\n<p><span style=\"font-size: 14pt;\">Asimismo, diferentes sistemas clim\u00e1ticos reportan que esta semana en Tuxpan las temperaturas estar\u00e1n entre los 32 y los 35 grados con sensaci\u00f3n t\u00e9rmicas superiores, y nula probabilidad de lluvias.<\/span><\/p>\n<p><span style=\"font-size: 14pt;\">Del mismo modo, la Secretar\u00eda de Protecci\u00f3n Civil advirti\u00f3 que del 30 de abril al 3 de mayo predominar\u00e1 el ambiente c\u00e1lido a muy c\u00e1lido en la zona, incluyendo las noches.<\/span><\/p>\n<p><span style=\"font-size: 14pt;\">Por lo anterior se le invita a la ciudadan\u00eda a mantener las medidas de seguridad correspondientes para prevenir consecuencias graves ocasionadas por las altas temperaturas que se presentar\u00e1n en el municipio.<\/span><\/p>\n<p><span style=\"font-size: 14pt;\">Ante cualquier s\u00edntoma de insolaci\u00f3n o golpe de calor se recomienda a los ciudadanos acudir de forma inmediata a alguna unidad de salud para recibir la atenci\u00f3n adecuada.<\/span><\/p>\n","protected":false},"excerpt":{"rendered":"<p>Tuxpan.- Esta semana el Servicio Meteorol\u00f3gico Nacional (SMN) report\u00f3 que diferentes localidades del estado de Veracruz alcanzar\u00edan temperaturas de m\u00e1s<\/p>\n","protected":false},"author":4,"featured_media":36222,"comment_status":"closed","ping_status":"closed","sticky":false,"template":"","format":"standard","meta":{"colormag_page_container_layout":"default_layout","colormag_page_sidebar_layout":"default_layout","_jetpack_memberships_contains_paid_content":false,"footnotes":"","jetpack_publicize_message":"","jetpack_publicize_feature_enabled":true,"jetpack_social_post_already_shared":false,"jetpack_social_options":{"image_generator_settings":{"template":"highway","default_image_id":0,"font":"","enabled":false},"version":2}},"categories":[1082],"tags":[],"class_list":["post-36221","post","type-post","status-publish","format-standard","has-post-thumbnail","hentry","category-tuxpan"],"jetpack_publicize_connections":[],"jetpack_featured_media_url":"https:\/\/i0.wp.com\/politicosaldesnudo.com.mx\/wp-content\/uploads\/2024\/04\/4b-12.jpg?fit=1500%2C1125&ssl=1","jetpack-related-posts":[],"jetpack_sharing_enabled":true,"_links":{"self":[{"href":"https:\/\/politicosaldesnudo.com.mx\/index.php\/wp-json\/wp\/v2\/posts\/36221","targetHints":{"allow":["GET"]}}],"collection":[{"href":"https:\/\/politicosaldesnudo.com.mx\/index.php\/wp-json\/wp\/v2\/posts"}],"about":[{"href":"https:\/\/politicosaldesnudo.com.mx\/index.php\/wp-json\/wp\/v2\/types\/post"}],"author":[{"embeddable":true,"href":"https:\/\/politicosaldesnudo.com.mx\/index.php\/wp-json\/wp\/v2\/users\/4"}],"replies":[{"embeddable":true,"href":"https:\/\/politicosaldesnudo.com.mx\/index.php\/wp-json\/wp\/v2\/comments?post=36221"}],"version-history":[{"count":0,"href":"https:\/\/politicosaldesnudo.com.mx\/index.php\/wp-json\/wp\/v2\/posts\/36221\/revisions"}],"wp:featuredmedia":[{"embeddable":true,"href":"https:\/\/politicosaldesnudo.com.mx\/index.php\/wp-json\/wp\/v2\/media\/36222"}],"wp:attachment":[{"href":"https:\/\/politicosaldesnudo.com.mx\/index.php\/wp-json\/wp\/v2\/media?parent=36221"}],"wp:term":[{"taxonomy":"category","embeddable":true,"href":"https:\/\/politicosaldesnudo.com.mx\/index.php\/wp-json\/wp\/v2\/categories?post=36221"},{"taxonomy":"post_tag","embeddable":true,"href":"https:\/\/politicosaldesnudo.com.mx\/index.php\/wp-json\/wp\/v2\/tags?post=36221"}],"curies":[{"name":"wp","href":"https:\/\/api.w.org\/{rel}","templated":true}]}}