{"id":36321,"date":"2024-05-01T01:21:14","date_gmt":"2024-05-01T06:21:14","guid":{"rendered":"https:\/\/politicosaldesnudo.com.mx\/?p=36321"},"modified":"2024-05-01T01:21:14","modified_gmt":"2024-05-01T06:21:14","slug":"cierre-por-carnaval-desde-las-4-de-la-tarde","status":"publish","type":"post","link":"https:\/\/politicosaldesnudo.com.mx\/index.php\/2024\/05\/01\/cierre-por-carnaval-desde-las-4-de-la-tarde\/","title":{"rendered":"Cierre por Carnaval, desde las 4 de la tarde"},"content":{"rendered":"<ul>\n<li><span style=\"font-size: 14pt;\">Los d\u00edas viernes, s\u00e1bado y domingo<\/span><\/li>\n<\/ul>\n<p><strong><span style=\"font-size: 14pt;\">Teresa Blasco Ram\u00edrez<\/span><\/strong><\/p>\n<p><span style=\"font-size: 14pt;\">Tuxpan<\/span><\/p>\n<p><span style=\"font-size: 14pt;\">Cerca de 70 elementos de la direcci\u00f3n de Tr\u00e1nsito y Vialidad Municipal estar\u00e1n activos en el operativo del Carnaval Tuxpan 2024, toda vez que la instrucci\u00f3n del alcalde Jos\u00e9 Manuel Pozos Castro, es brindar la atenci\u00f3n adecuada tanto a conductores como peatones que lleguen a disfrutar de dichas fiestas.<\/span><\/p>\n<p><span style=\"font-size: 14pt;\">Aldo Hern\u00e1ndez Betancourt, titular del \u00e1rea coment\u00f3 que debido a que ya este jueves despu\u00e9s de la coronaci\u00f3n de la Corte Real se llevar\u00e1 a cabo el primer masivo con el grupo Moenia en el estadio municipal, en estos momentos los estacionamientos de los campos anexos, ya est\u00e1n balizados, pues funcionar\u00e1n como estacionamiento para los veh\u00edculos que se pueda, por lo que cuando se reporte llena el \u00e1rea, ya no se dejar\u00e1 pasar con auto y tendr\u00e1n que buscar otro punto para estacionarse.<\/span><\/p>\n<p><span style=\"font-size: 14pt;\">Dijo que ya hay gente for\u00e1nea que est\u00e1 preguntando al respecto, para saber en qu\u00e9 lugar ser\u00e1n los masivos, los recorridos, y a partir de qu\u00e9 hora.<\/span><\/p>\n<p><span style=\"font-size: 14pt;\">El jueves desde las 5 de la tarde se iniciar\u00e1 con el operativo en la entrada a la colonia Jardines y en el estadio, por lo que se tendr\u00e1n que respetar los frentes de las viviendas ubicadas en esa zona.<\/span><\/p>\n<p><span style=\"font-size: 14pt;\">El viernes que inician los recorridos sobre el bulevar, el cierre de este, y de algunas avenidas comenzar\u00e1 entre 4 y 5 de la tarde, por lo que se notificar\u00e1 sobre v\u00edas alternas a los conductores en estos d\u00edas.<\/span><\/p>\n<p><span style=\"font-size: 14pt;\">Todo el personal de la corporaci\u00f3n de vialidad participar\u00e1 en las actividades, desde operativos, integrantes de educaci\u00f3n vial y el de \u00e1rea de ingenier\u00eda vial, cerca de 70 elementos, muchos doblar\u00e1n turnos con el fin de apoyar al cien por ciento a la poblaci\u00f3n, tanto en la zona de recorridos como en la de los masivos.<\/span><\/p>\n<p><span style=\"font-size: 14pt;\">Cabe se\u00f1alar que este mi\u00e9rcoles 1 de mayo tambi\u00e9n habr\u00e1 cierre de calles por motivo del desfile de este d\u00eda, a partir de las 8 de la ma\u00f1ana, sin embargo, debido a que no es d\u00eda inh\u00e1bil, y los estudiantes no tienen clases, no se espera tanto tr\u00e1fico por la realizaci\u00f3n del desfile conmemorativo al D\u00eda del Trabajo.<\/span><\/p>\n","protected":false},"excerpt":{"rendered":"<p>Los d\u00edas viernes, s\u00e1bado y domingo Teresa Blasco Ram\u00edrez Tuxpan Cerca de 70 elementos de la direcci\u00f3n de Tr\u00e1nsito y<\/p>\n","protected":false},"author":4,"featured_media":36322,"comment_status":"closed","ping_status":"closed","sticky":false,"template":"","format":"standard","meta":{"colormag_page_container_layout":"default_layout","colormag_page_sidebar_layout":"default_layout","_jetpack_memberships_contains_paid_content":false,"footnotes":"","jetpack_publicize_message":"","jetpack_publicize_feature_enabled":true,"jetpack_social_post_already_shared":false,"jetpack_social_options":{"image_generator_settings":{"template":"highway","default_image_id":0,"font":"","enabled":false},"version":2}},"categories":[1082],"tags":[236],"class_list":["post-36321","post","type-post","status-publish","format-standard","has-post-thumbnail","hentry","category-tuxpan","tag-carnaval"],"jetpack_publicize_connections":[],"jetpack_featured_media_url":"https:\/\/i0.wp.com\/politicosaldesnudo.com.mx\/wp-content\/uploads\/2024\/05\/3b.jpeg?fit=1600%2C1066&ssl=1","jetpack-related-posts":[],"jetpack_sharing_enabled":true,"_links":{"self":[{"href":"https:\/\/politicosaldesnudo.com.mx\/index.php\/wp-json\/wp\/v2\/posts\/36321","targetHints":{"allow":["GET"]}}],"collection":[{"href":"https:\/\/politicosaldesnudo.com.mx\/index.php\/wp-json\/wp\/v2\/posts"}],"about":[{"href":"https:\/\/politicosaldesnudo.com.mx\/index.php\/wp-json\/wp\/v2\/types\/post"}],"author":[{"embeddable":true,"href":"https:\/\/politicosaldesnudo.com.mx\/index.php\/wp-json\/wp\/v2\/users\/4"}],"replies":[{"embeddable":true,"href":"https:\/\/politicosaldesnudo.com.mx\/index.php\/wp-json\/wp\/v2\/comments?post=36321"}],"version-history":[{"count":0,"href":"https:\/\/politicosaldesnudo.com.mx\/index.php\/wp-json\/wp\/v2\/posts\/36321\/revisions"}],"wp:featuredmedia":[{"embeddable":true,"href":"https:\/\/politicosaldesnudo.com.mx\/index.php\/wp-json\/wp\/v2\/media\/36322"}],"wp:attachment":[{"href":"https:\/\/politicosaldesnudo.com.mx\/index.php\/wp-json\/wp\/v2\/media?parent=36321"}],"wp:term":[{"taxonomy":"category","embeddable":true,"href":"https:\/\/politicosaldesnudo.com.mx\/index.php\/wp-json\/wp\/v2\/categories?post=36321"},{"taxonomy":"post_tag","embeddable":true,"href":"https:\/\/politicosaldesnudo.com.mx\/index.php\/wp-json\/wp\/v2\/tags?post=36321"}],"curies":[{"name":"wp","href":"https:\/\/api.w.org\/{rel}","templated":true}]}}