{"id":36375,"date":"2024-05-01T10:40:46","date_gmt":"2024-05-01T15:40:46","guid":{"rendered":"https:\/\/politicosaldesnudo.com.mx\/?p=36375"},"modified":"2024-05-01T11:16:52","modified_gmt":"2024-05-01T16:16:52","slug":"por-seguridad-sindicatos-no-participaran-en-desfile-del-trabajo","status":"publish","type":"post","link":"https:\/\/politicosaldesnudo.com.mx\/index.php\/2024\/05\/01\/por-seguridad-sindicatos-no-participaran-en-desfile-del-trabajo\/","title":{"rendered":"Por seguridad, sindicatos no participar\u00e1n en Desfile del Trabajo"},"content":{"rendered":"<p><span style=\"font-size: 14pt;\">Debido a la inseguridad que impera en el Estado de Veracruz, al menos cuatro sindicatos locales confirmaron que no participar\u00e1n en el desfile del 1 de Mayo alusivo al D\u00eda del Trabajo entre ellos Terraceros y Construcci\u00f3n de Swecomex\/Cicsa , Petroleros de la Rep\u00fablica Mexicana, Secci\u00f3n 51, Embotelladoras de la Coca Cola y del Sindicato de Trabajadores de la Industria de la Radio y la Televisi\u00f3n Tuxpan-\u00c1lamo.<\/span><\/p>\n<p><span style=\"font-size: 14pt;\">Alfredo P\u00e9rez D\u00edaz, Secretario General de la Federaci\u00f3n Regional Huasteca de la CTM y Coordinador de dicho evento, se\u00f1al\u00f3 que con el fin de resguardar a sus colaboradores, algunos optaron por llevar\u00e1n a cabo sus eventos de manera interna, ante los diversos actos de violencia y presuntas amenazas que se han presentado en la zona norte del Estado.<\/span><\/p>\n<p><span style=\"font-size: 14pt;\">En ese sentido, el tema de la seguridad ser\u00e1 uno de los puntos que expresar\u00e1n en el manifiesto al final del desfile, con el objetivo de hacer un llamado a las autoridades para que fortalezcan las estrategias implementadas y garanticen la paz y la tranquilidad social.<\/span><\/p>\n<p><span style=\"font-size: 14pt;\">Finalmente se\u00f1al\u00f3 que ser\u00e1n alrededor de 5 mil trabajadores sindicalizados los que conformar\u00e1n el contingente.<\/span><\/p>\n<p><span style=\"font-size: 14pt;\">El desfile iniciar\u00e1 en punto de las 9 de la ma\u00f1ana.<\/span><\/p>\n","protected":false},"excerpt":{"rendered":"<p>Debido a la inseguridad que impera en el Estado de Veracruz, al menos cuatro sindicatos locales confirmaron que no participar\u00e1n<\/p>\n","protected":false},"author":4,"featured_media":36376,"comment_status":"closed","ping_status":"closed","sticky":false,"template":"","format":"standard","meta":{"colormag_page_container_layout":"default_layout","colormag_page_sidebar_layout":"default_layout","_jetpack_memberships_contains_paid_content":false,"footnotes":"","jetpack_publicize_message":"","jetpack_publicize_feature_enabled":true,"jetpack_social_post_already_shared":false,"jetpack_social_options":{"image_generator_settings":{"template":"highway","default_image_id":0,"font":"","enabled":false},"version":2}},"categories":[1082],"tags":[],"class_list":["post-36375","post","type-post","status-publish","format-standard","has-post-thumbnail","hentry","category-tuxpan"],"jetpack_publicize_connections":[],"jetpack_featured_media_url":"https:\/\/i0.wp.com\/politicosaldesnudo.com.mx\/wp-content\/uploads\/2024\/05\/Participaron-4-mil-personas-en-desfile-del-Dia-del-Trabajo.jpg?fit=960%2C599&ssl=1","jetpack-related-posts":[],"jetpack_sharing_enabled":true,"_links":{"self":[{"href":"https:\/\/politicosaldesnudo.com.mx\/index.php\/wp-json\/wp\/v2\/posts\/36375","targetHints":{"allow":["GET"]}}],"collection":[{"href":"https:\/\/politicosaldesnudo.com.mx\/index.php\/wp-json\/wp\/v2\/posts"}],"about":[{"href":"https:\/\/politicosaldesnudo.com.mx\/index.php\/wp-json\/wp\/v2\/types\/post"}],"author":[{"embeddable":true,"href":"https:\/\/politicosaldesnudo.com.mx\/index.php\/wp-json\/wp\/v2\/users\/4"}],"replies":[{"embeddable":true,"href":"https:\/\/politicosaldesnudo.com.mx\/index.php\/wp-json\/wp\/v2\/comments?post=36375"}],"version-history":[{"count":0,"href":"https:\/\/politicosaldesnudo.com.mx\/index.php\/wp-json\/wp\/v2\/posts\/36375\/revisions"}],"wp:featuredmedia":[{"embeddable":true,"href":"https:\/\/politicosaldesnudo.com.mx\/index.php\/wp-json\/wp\/v2\/media\/36376"}],"wp:attachment":[{"href":"https:\/\/politicosaldesnudo.com.mx\/index.php\/wp-json\/wp\/v2\/media?parent=36375"}],"wp:term":[{"taxonomy":"category","embeddable":true,"href":"https:\/\/politicosaldesnudo.com.mx\/index.php\/wp-json\/wp\/v2\/categories?post=36375"},{"taxonomy":"post_tag","embeddable":true,"href":"https:\/\/politicosaldesnudo.com.mx\/index.php\/wp-json\/wp\/v2\/tags?post=36375"}],"curies":[{"name":"wp","href":"https:\/\/api.w.org\/{rel}","templated":true}]}}