{"id":36404,"date":"2024-05-01T20:25:39","date_gmt":"2024-05-02T01:25:39","guid":{"rendered":"https:\/\/politicosaldesnudo.com.mx\/?p=36404"},"modified":"2024-05-01T20:25:39","modified_gmt":"2024-05-02T01:25:39","slug":"manana-el-gran-concierto-de-moenia-la-quema-del-mal-humor-y-coronacion-de-la-corte-real-del-carnaval-tuxpan-2024","status":"publish","type":"post","link":"https:\/\/politicosaldesnudo.com.mx\/index.php\/2024\/05\/01\/manana-el-gran-concierto-de-moenia-la-quema-del-mal-humor-y-coronacion-de-la-corte-real-del-carnaval-tuxpan-2024\/","title":{"rendered":"Ma\u00f1ana el gran concierto de Moenia, la \u201cQuema del Mal Humor\u201d y coronaci\u00f3n de la Corte Real del Carnaval Tuxpan 2024"},"content":{"rendered":"<p><span style=\"font-size: 14pt;\">\u2022 El evento ser\u00e1 en el Estadio \u00c1lvaro Lorenzo Fern\u00e1ndez, de la Unidad Deportiva, a partir de las 20:00 horas.<\/span><\/p>\n<p><span style=\"font-size: 14pt;\">Tuxpan, Ver., 1 de mayo de 2024.- Todo est\u00e1 listo para que ma\u00f1ana jueves 2 de mayo, se llev\u00f3 a cabo la \u201cQuema del Humor\u201d, la Coronaci\u00f3n de la Corte Real y el primer concierto masivo con la presentaci\u00f3n de Moenia.<\/span><\/p>\n<p><img data-recalc-dims=\"1\" loading=\"lazy\" decoding=\"async\" class=\"aligncenter size-large wp-image-36405\" src=\"https:\/\/i0.wp.com\/politicosaldesnudo.com.mx\/wp-content\/uploads\/2024\/05\/WhatsApp-Image-2024-05-01-at-7.06.26-PM-1024x1024.jpeg?resize=800%2C800&#038;ssl=1\" alt=\"\" width=\"800\" height=\"800\" srcset=\"https:\/\/i0.wp.com\/politicosaldesnudo.com.mx\/wp-content\/uploads\/2024\/05\/WhatsApp-Image-2024-05-01-at-7.06.26-PM.jpeg?resize=1024%2C1024&amp;ssl=1 1024w, https:\/\/i0.wp.com\/politicosaldesnudo.com.mx\/wp-content\/uploads\/2024\/05\/WhatsApp-Image-2024-05-01-at-7.06.26-PM.jpeg?resize=300%2C300&amp;ssl=1 300w, https:\/\/i0.wp.com\/politicosaldesnudo.com.mx\/wp-content\/uploads\/2024\/05\/WhatsApp-Image-2024-05-01-at-7.06.26-PM.jpeg?resize=150%2C150&amp;ssl=1 150w, https:\/\/i0.wp.com\/politicosaldesnudo.com.mx\/wp-content\/uploads\/2024\/05\/WhatsApp-Image-2024-05-01-at-7.06.26-PM.jpeg?resize=768%2C768&amp;ssl=1 768w, https:\/\/i0.wp.com\/politicosaldesnudo.com.mx\/wp-content\/uploads\/2024\/05\/WhatsApp-Image-2024-05-01-at-7.06.26-PM.jpeg?w=1440&amp;ssl=1 1440w\" sizes=\"auto, (max-width: 800px) 100vw, 800px\" \/><\/p>\n<p><span style=\"font-size: 14pt;\">El Comit\u00e9 de Carnaval inform\u00f3 que el evento iniciar\u00e1 a las 20:00 horas y se llevar\u00e1 a cabo en el Estadio \u00c1lvaro Lorenzo Fern\u00e1ndez, de la Unidad Deportiva. La entrada ser\u00e1 completamente gratis.<\/span><\/p>\n<p><span style=\"font-size: 14pt;\">Tambi\u00e9n se tiene preparado un sketch con la actuaci\u00f3n de \u201cLas Viudas Alegres\u201d, de Ditto Teatro.<\/span><\/p>\n<p><span style=\"font-size: 14pt;\">Por otra parte, para el viernes 3 de mayo, al finalizar el primer paseo del Carnaval, se presentar\u00e1 \u201cEl Tit\u00e1n de la Salsa\u201d Alberto Barros, y su Tributo a la Salsa Colombiana.<\/span><\/p>\n<p><span style=\"font-size: 14pt;\">El s\u00e1bado 4 mayo se tendr\u00e1 la presentaci\u00f3n de Intocable, mientras que el domingo 5 de mayo se tendr\u00e1 la actuaci\u00f3n de la agrupaci\u00f3n musical colombiana Piso 21.<\/span><\/p>\n","protected":false},"excerpt":{"rendered":"<p>\u2022 El evento ser\u00e1 en el Estadio \u00c1lvaro Lorenzo Fern\u00e1ndez, de la Unidad Deportiva, a partir de las 20:00 horas.<\/p>\n","protected":false},"author":4,"featured_media":36406,"comment_status":"closed","ping_status":"closed","sticky":false,"template":"","format":"standard","meta":{"colormag_page_container_layout":"default_layout","colormag_page_sidebar_layout":"default_layout","_jetpack_memberships_contains_paid_content":false,"footnotes":"","jetpack_publicize_message":"","jetpack_publicize_feature_enabled":true,"jetpack_social_post_already_shared":false,"jetpack_social_options":{"image_generator_settings":{"template":"highway","default_image_id":0,"font":"","enabled":false},"version":2}},"categories":[3205,1082],"tags":[],"class_list":["post-36404","post","type-post","status-publish","format-standard","has-post-thumbnail","hentry","category-gobierno-tuxpan","category-tuxpan"],"jetpack_publicize_connections":[],"jetpack_featured_media_url":"https:\/\/i0.wp.com\/politicosaldesnudo.com.mx\/wp-content\/uploads\/2024\/05\/WhatsApp-Image-2024-05-01-at-7.06.35-PM.jpeg?fit=1600%2C1600&ssl=1","jetpack-related-posts":[],"jetpack_sharing_enabled":true,"_links":{"self":[{"href":"https:\/\/politicosaldesnudo.com.mx\/index.php\/wp-json\/wp\/v2\/posts\/36404","targetHints":{"allow":["GET"]}}],"collection":[{"href":"https:\/\/politicosaldesnudo.com.mx\/index.php\/wp-json\/wp\/v2\/posts"}],"about":[{"href":"https:\/\/politicosaldesnudo.com.mx\/index.php\/wp-json\/wp\/v2\/types\/post"}],"author":[{"embeddable":true,"href":"https:\/\/politicosaldesnudo.com.mx\/index.php\/wp-json\/wp\/v2\/users\/4"}],"replies":[{"embeddable":true,"href":"https:\/\/politicosaldesnudo.com.mx\/index.php\/wp-json\/wp\/v2\/comments?post=36404"}],"version-history":[{"count":0,"href":"https:\/\/politicosaldesnudo.com.mx\/index.php\/wp-json\/wp\/v2\/posts\/36404\/revisions"}],"wp:featuredmedia":[{"embeddable":true,"href":"https:\/\/politicosaldesnudo.com.mx\/index.php\/wp-json\/wp\/v2\/media\/36406"}],"wp:attachment":[{"href":"https:\/\/politicosaldesnudo.com.mx\/index.php\/wp-json\/wp\/v2\/media?parent=36404"}],"wp:term":[{"taxonomy":"category","embeddable":true,"href":"https:\/\/politicosaldesnudo.com.mx\/index.php\/wp-json\/wp\/v2\/categories?post=36404"},{"taxonomy":"post_tag","embeddable":true,"href":"https:\/\/politicosaldesnudo.com.mx\/index.php\/wp-json\/wp\/v2\/tags?post=36404"}],"curies":[{"name":"wp","href":"https:\/\/api.w.org\/{rel}","templated":true}]}}