{"id":36895,"date":"2024-05-07T08:01:16","date_gmt":"2024-05-07T13:01:16","guid":{"rendered":"https:\/\/politicosaldesnudo.com.mx\/?p=36895"},"modified":"2024-05-07T08:01:16","modified_gmt":"2024-05-07T13:01:16","slug":"preparan-debate-de-candidatos-a-diputacion-local-en-tuxpan","status":"publish","type":"post","link":"https:\/\/politicosaldesnudo.com.mx\/index.php\/2024\/05\/07\/preparan-debate-de-candidatos-a-diputacion-local-en-tuxpan\/","title":{"rendered":"Preparan debate de candidatos a Diputaci\u00f3n local en Tuxpan"},"content":{"rendered":"<p><span style=\"font-size: 14pt;\">Ser\u00e1 el pr\u00f3ximo 16 de mayo a las 4 de la tarde en conocido hotel de la ciudad, cuando se desarrolle el debate de las candidaturas a la diputaci\u00f3n local por el tercer distrito con sede en Tuxpan.<\/span><\/p>\n<p><span style=\"font-size: 14pt;\">Para la zona norte del Estado comprendida por los Distritos electorales de P\u00e1nuco, Tantoyuca, Tuxpan, \u00c1lamo, Poza Rica, Papantla, Mart\u00ednez de la Torre, Misantla y Perote, los moderadores seleccionados son: Isis Cortez Hu\u00e9rfano, Rodolfo Z\u00fa\u00f1iga, Samantha Consuelo Ortega P\u00e9rez y Luis Omar Cansino Vargas.<\/span><\/p>\n<p><span style=\"font-size: 14pt;\">El Consejero Electoral y Presidente de la Comisi\u00f3n Temporal de Debates, Roberto L\u00f3pez P\u00e9rez destac\u00f3 que en total ser\u00e1n 30 debates programados para las diputaciones, locales, uno por distrito.<\/span><\/p>\n<p><span style=\"font-size: 14pt;\">Los temas de los debates que se sortear\u00e1n son: pol\u00edtica, gobierno y cultura democr\u00e1tica, econom\u00eda y empleo; seguridad y justicia, desarrollo social y sustentable, educaci\u00f3n y cultura, servicios p\u00fablicos, derechos humanos, atenci\u00f3n a grupos vulnerables, combate a la corrupci\u00f3n, igualdad sustantiva de g\u00e9nero, atenci\u00f3n a comunidades hist\u00f3ricamente rezagadas y pol\u00edtica migratoria.<\/span><\/p>\n","protected":false},"excerpt":{"rendered":"<p>Ser\u00e1 el pr\u00f3ximo 16 de mayo a las 4 de la tarde en conocido hotel de la ciudad, cuando se<\/p>\n","protected":false},"author":4,"featured_media":36896,"comment_status":"closed","ping_status":"closed","sticky":false,"template":"","format":"standard","meta":{"colormag_page_container_layout":"default_layout","colormag_page_sidebar_layout":"default_layout","_jetpack_memberships_contains_paid_content":false,"footnotes":"","jetpack_publicize_message":"","jetpack_publicize_feature_enabled":true,"jetpack_social_post_already_shared":false,"jetpack_social_options":{"image_generator_settings":{"template":"highway","default_image_id":0,"font":"","enabled":false},"version":2}},"categories":[1082],"tags":[],"class_list":["post-36895","post","type-post","status-publish","format-standard","has-post-thumbnail","hentry","category-tuxpan"],"jetpack_publicize_connections":[],"jetpack_featured_media_url":"https:\/\/i0.wp.com\/politicosaldesnudo.com.mx\/wp-content\/uploads\/2024\/05\/ople-abrira-nueva-convocatoria-para-supervisores-electorales-513956.jpg?fit=800%2C600&ssl=1","jetpack-related-posts":[],"jetpack_sharing_enabled":true,"_links":{"self":[{"href":"https:\/\/politicosaldesnudo.com.mx\/index.php\/wp-json\/wp\/v2\/posts\/36895","targetHints":{"allow":["GET"]}}],"collection":[{"href":"https:\/\/politicosaldesnudo.com.mx\/index.php\/wp-json\/wp\/v2\/posts"}],"about":[{"href":"https:\/\/politicosaldesnudo.com.mx\/index.php\/wp-json\/wp\/v2\/types\/post"}],"author":[{"embeddable":true,"href":"https:\/\/politicosaldesnudo.com.mx\/index.php\/wp-json\/wp\/v2\/users\/4"}],"replies":[{"embeddable":true,"href":"https:\/\/politicosaldesnudo.com.mx\/index.php\/wp-json\/wp\/v2\/comments?post=36895"}],"version-history":[{"count":0,"href":"https:\/\/politicosaldesnudo.com.mx\/index.php\/wp-json\/wp\/v2\/posts\/36895\/revisions"}],"wp:featuredmedia":[{"embeddable":true,"href":"https:\/\/politicosaldesnudo.com.mx\/index.php\/wp-json\/wp\/v2\/media\/36896"}],"wp:attachment":[{"href":"https:\/\/politicosaldesnudo.com.mx\/index.php\/wp-json\/wp\/v2\/media?parent=36895"}],"wp:term":[{"taxonomy":"category","embeddable":true,"href":"https:\/\/politicosaldesnudo.com.mx\/index.php\/wp-json\/wp\/v2\/categories?post=36895"},{"taxonomy":"post_tag","embeddable":true,"href":"https:\/\/politicosaldesnudo.com.mx\/index.php\/wp-json\/wp\/v2\/tags?post=36895"}],"curies":[{"name":"wp","href":"https:\/\/api.w.org\/{rel}","templated":true}]}}