{"id":36911,"date":"2024-05-07T08:12:39","date_gmt":"2024-05-07T13:12:39","guid":{"rendered":"https:\/\/politicosaldesnudo.com.mx\/?p=36911"},"modified":"2024-05-07T08:12:39","modified_gmt":"2024-05-07T13:12:39","slug":"controlan-incendio-forestal-en-area-natural-protegida-de-nayarit","status":"publish","type":"post","link":"https:\/\/politicosaldesnudo.com.mx\/index.php\/2024\/05\/07\/controlan-incendio-forestal-en-area-natural-protegida-de-nayarit\/","title":{"rendered":"Controlan incendio forestal en \u00e1rea natural protegida de Nayarit"},"content":{"rendered":"<p><span style=\"font-size: 14pt;\">El incendio en el \u00c1rea Natural Protegida (ANP) de la Sierra de San Juan se encuentra controlado, sostuvo el gobernador de Nayarit, Miguel Angel Navarro Quintero.<\/span><\/p>\n<p><span style=\"font-size: 14pt;\">Ello, agreg\u00f3 Navarro Quintero, es gracias a la Secretar\u00eda de la Defensa Nacional. \u00abLa precisi\u00f3n y efectividad con la que el helic\u00f3ptero MI-17 de la Secretar\u00eda de la Defensa Nacional se desempe\u00f1a, ha permitido el control de los incendios forestales que amenazaban nuestra sierra de San Juan\u00bb<\/span><\/p>\n<p><span style=\"font-size: 14pt;\">Precis\u00f3 que personal de la SEDENA, abordo del helic\u00f3ptero M-17 realiz\u00f3 labores \u00abdescargando toneladas de agua, junto a la valent\u00eda expresada por hombres y mujeres, se protege nuestra naturaleza e integridad; todos ellos reflejan el honor y compromiso con el que d\u00eda a d\u00eda se trabaja por Nayarit\u00bb.<\/span><\/p>\n<p><span style=\"font-size: 14pt;\">Por otro lado se report\u00f3 que desde el fin de semana se encuentra un incendio forestal en el volc\u00e1n del Ceboruco, zona rica en flora y fauna.<\/span><\/p>\n","protected":false},"excerpt":{"rendered":"<p>El incendio en el \u00c1rea Natural Protegida (ANP) de la Sierra de San Juan se encuentra controlado, sostuvo el gobernador<\/p>\n","protected":false},"author":4,"featured_media":36912,"comment_status":"closed","ping_status":"closed","sticky":false,"template":"","format":"standard","meta":{"colormag_page_container_layout":"default_layout","colormag_page_sidebar_layout":"default_layout","_jetpack_memberships_contains_paid_content":false,"footnotes":"","jetpack_publicize_message":"","jetpack_publicize_feature_enabled":true,"jetpack_social_post_already_shared":false,"jetpack_social_options":{"image_generator_settings":{"template":"highway","default_image_id":0,"font":"","enabled":false},"version":2}},"categories":[30],"tags":[],"class_list":["post-36911","post","type-post","status-publish","format-standard","has-post-thumbnail","hentry","category-estados"],"jetpack_publicize_connections":[],"jetpack_featured_media_url":"https:\/\/i0.wp.com\/politicosaldesnudo.com.mx\/wp-content\/uploads\/2024\/05\/tras-13-dias-controlan-incendio-en-sierra-de-san-juan-nayarit-3197html-incendio-8634html-db72fd33-fbde-4b14-99eb-0834f246325bljnimgndimagefullsize.jpg?fit=1024%2C765&ssl=1","jetpack-related-posts":[],"jetpack_sharing_enabled":true,"_links":{"self":[{"href":"https:\/\/politicosaldesnudo.com.mx\/index.php\/wp-json\/wp\/v2\/posts\/36911","targetHints":{"allow":["GET"]}}],"collection":[{"href":"https:\/\/politicosaldesnudo.com.mx\/index.php\/wp-json\/wp\/v2\/posts"}],"about":[{"href":"https:\/\/politicosaldesnudo.com.mx\/index.php\/wp-json\/wp\/v2\/types\/post"}],"author":[{"embeddable":true,"href":"https:\/\/politicosaldesnudo.com.mx\/index.php\/wp-json\/wp\/v2\/users\/4"}],"replies":[{"embeddable":true,"href":"https:\/\/politicosaldesnudo.com.mx\/index.php\/wp-json\/wp\/v2\/comments?post=36911"}],"version-history":[{"count":0,"href":"https:\/\/politicosaldesnudo.com.mx\/index.php\/wp-json\/wp\/v2\/posts\/36911\/revisions"}],"wp:featuredmedia":[{"embeddable":true,"href":"https:\/\/politicosaldesnudo.com.mx\/index.php\/wp-json\/wp\/v2\/media\/36912"}],"wp:attachment":[{"href":"https:\/\/politicosaldesnudo.com.mx\/index.php\/wp-json\/wp\/v2\/media?parent=36911"}],"wp:term":[{"taxonomy":"category","embeddable":true,"href":"https:\/\/politicosaldesnudo.com.mx\/index.php\/wp-json\/wp\/v2\/categories?post=36911"},{"taxonomy":"post_tag","embeddable":true,"href":"https:\/\/politicosaldesnudo.com.mx\/index.php\/wp-json\/wp\/v2\/tags?post=36911"}],"curies":[{"name":"wp","href":"https:\/\/api.w.org\/{rel}","templated":true}]}}