{"id":37228,"date":"2024-05-10T21:34:36","date_gmt":"2024-05-11T02:34:36","guid":{"rendered":"https:\/\/politicosaldesnudo.com.mx\/?p=37228"},"modified":"2024-05-10T21:34:36","modified_gmt":"2024-05-11T02:34:36","slug":"incremento-precio-de-flores-comerciantes","status":"publish","type":"post","link":"https:\/\/politicosaldesnudo.com.mx\/index.php\/2024\/05\/10\/incremento-precio-de-flores-comerciantes\/","title":{"rendered":"Increment\u00f3 precio de flores: comerciantes"},"content":{"rendered":"<p><span style=\"font-size: 14pt;\">Las Florer\u00edas lograron repuntar hasta en un 20 por ciento en la venta de arreglos en el marco del d\u00eda de las madres, sin embargo el precio de estos aument\u00f3 hasta en un 50 por ciento durante este a\u00f1o, as\u00ed lo coment\u00f3 Luis Hern\u00e1ndez florista en el Pante\u00f3n Jard\u00edn.<\/span><\/p>\n<p><span style=\"font-size: 14pt;\">Se\u00f1al\u00f3 que en comparativa con el 10 de mayo de 2023, este a\u00f1o las ventas respondieron de mejor manera y obtuvieron un peque\u00f1o repunte. indic\u00f3 que si bien sus expectativas eran mayores, la presencia de las altas temperaturas ocasionan que las flores se marchiten m\u00e1s r\u00e1pido generando p\u00e9rdidas econ\u00f3micas, raz\u00f3n por la que han tenido que elevar sus precios.<\/span><\/p>\n<p><span style=\"font-size: 14pt;\">Ante la ola de calor han tomado ciertas medidas como mantener las flores en exhibici\u00f3n en espacios donde no se vean afectadas por los rayos del sol, adem\u00e1s de evitar realizar arreglos de rosas u otro tipo de flores que son muy susceptibles al calor.<\/span><\/p>\n","protected":false},"excerpt":{"rendered":"<p>Las Florer\u00edas lograron repuntar hasta en un 20 por ciento en la venta de arreglos en el marco del d\u00eda<\/p>\n","protected":false},"author":4,"featured_media":37229,"comment_status":"closed","ping_status":"closed","sticky":false,"template":"","format":"standard","meta":{"colormag_page_container_layout":"default_layout","colormag_page_sidebar_layout":"default_layout","_jetpack_memberships_contains_paid_content":false,"footnotes":"","jetpack_publicize_message":"","jetpack_publicize_feature_enabled":true,"jetpack_social_post_already_shared":false,"jetpack_social_options":{"image_generator_settings":{"template":"highway","default_image_id":0,"font":"","enabled":false},"version":2}},"categories":[1082],"tags":[],"class_list":["post-37228","post","type-post","status-publish","format-standard","has-post-thumbnail","hentry","category-tuxpan"],"jetpack_publicize_connections":[],"jetpack_featured_media_url":"https:\/\/i0.wp.com\/politicosaldesnudo.com.mx\/wp-content\/uploads\/2024\/05\/images-7-1.jpg?fit=284%2C177&ssl=1","jetpack-related-posts":[],"jetpack_sharing_enabled":true,"_links":{"self":[{"href":"https:\/\/politicosaldesnudo.com.mx\/index.php\/wp-json\/wp\/v2\/posts\/37228","targetHints":{"allow":["GET"]}}],"collection":[{"href":"https:\/\/politicosaldesnudo.com.mx\/index.php\/wp-json\/wp\/v2\/posts"}],"about":[{"href":"https:\/\/politicosaldesnudo.com.mx\/index.php\/wp-json\/wp\/v2\/types\/post"}],"author":[{"embeddable":true,"href":"https:\/\/politicosaldesnudo.com.mx\/index.php\/wp-json\/wp\/v2\/users\/4"}],"replies":[{"embeddable":true,"href":"https:\/\/politicosaldesnudo.com.mx\/index.php\/wp-json\/wp\/v2\/comments?post=37228"}],"version-history":[{"count":0,"href":"https:\/\/politicosaldesnudo.com.mx\/index.php\/wp-json\/wp\/v2\/posts\/37228\/revisions"}],"wp:featuredmedia":[{"embeddable":true,"href":"https:\/\/politicosaldesnudo.com.mx\/index.php\/wp-json\/wp\/v2\/media\/37229"}],"wp:attachment":[{"href":"https:\/\/politicosaldesnudo.com.mx\/index.php\/wp-json\/wp\/v2\/media?parent=37228"}],"wp:term":[{"taxonomy":"category","embeddable":true,"href":"https:\/\/politicosaldesnudo.com.mx\/index.php\/wp-json\/wp\/v2\/categories?post=37228"},{"taxonomy":"post_tag","embeddable":true,"href":"https:\/\/politicosaldesnudo.com.mx\/index.php\/wp-json\/wp\/v2\/tags?post=37228"}],"curies":[{"name":"wp","href":"https:\/\/api.w.org\/{rel}","templated":true}]}}