{"id":37345,"date":"2024-05-12T02:03:32","date_gmt":"2024-05-12T07:03:32","guid":{"rendered":"https:\/\/politicosaldesnudo.com.mx\/?p=37345"},"modified":"2024-05-12T02:03:32","modified_gmt":"2024-05-12T07:03:32","slug":"trabajadores-de-limpia-publica-toman-medidas-ante-altas-temperaturas","status":"publish","type":"post","link":"https:\/\/politicosaldesnudo.com.mx\/index.php\/2024\/05\/12\/trabajadores-de-limpia-publica-toman-medidas-ante-altas-temperaturas\/","title":{"rendered":"Trabajadores de Limpia P\u00fablica toman medidas ante altas temperaturas"},"content":{"rendered":"<p><span style=\"font-size: 14pt;\">Los m\u00e1s de 160 barrenderos que conforman las cuadrillas de Limpia P\u00fablica de Tuxpan se mantienen expuestos a las altas temperaturas que durante esta semana semana se alcanzaron registros r\u00e9cord, por tal situaci\u00f3n se ha permitido que los trabajadores tomen lapsos de descanso entre sus jornadas de trabajo.<\/span><\/p>\n<p><span style=\"font-size: 14pt;\">Teniendo en cuenta que al menos el 50 por ciento de estos trabajadores son adultos mayores, se les han asignados tramos cortos y estrat\u00e9gicos para que no est\u00e9n expuestos de forma directa al sol, as\u00ed mismo, a los supervisores de cuadrillas se las ha indicado contar con puntos de hidrataci\u00f3n para los trabajadores, adem\u00e1s de mantenerse<\/span><\/p>\n<p><span style=\"font-size: 14pt;\">De acuerdo con Nelson Hern\u00e1ndez Cruz, Coordinador de Limpia P\u00fablica de Tuxpan, hasta el momento no se han presentado incidencias por trabajadores afectados por golpes de calor, sin embargo, se mantienen medidas de prevenci\u00f3n para evitar<\/span><\/p>\n","protected":false},"excerpt":{"rendered":"<p>Los m\u00e1s de 160 barrenderos que conforman las cuadrillas de Limpia P\u00fablica de Tuxpan se mantienen expuestos a las altas<\/p>\n","protected":false},"author":4,"featured_media":37346,"comment_status":"closed","ping_status":"closed","sticky":false,"template":"","format":"standard","meta":{"colormag_page_container_layout":"default_layout","colormag_page_sidebar_layout":"default_layout","_jetpack_memberships_contains_paid_content":false,"footnotes":"","jetpack_publicize_message":"","jetpack_publicize_feature_enabled":true,"jetpack_social_post_already_shared":false,"jetpack_social_options":{"image_generator_settings":{"template":"highway","default_image_id":0,"font":"","enabled":false},"version":2}},"categories":[1082],"tags":[],"class_list":["post-37345","post","type-post","status-publish","format-standard","has-post-thumbnail","hentry","category-tuxpan"],"jetpack_publicize_connections":[],"jetpack_featured_media_url":"https:\/\/i0.wp.com\/politicosaldesnudo.com.mx\/wp-content\/uploads\/2024\/05\/trabajadores-de-limpia-publica-toman-medidas-ante-altas-temperaturas-518280.jpeg?fit=800%2C600&ssl=1","jetpack-related-posts":[],"jetpack_sharing_enabled":true,"_links":{"self":[{"href":"https:\/\/politicosaldesnudo.com.mx\/index.php\/wp-json\/wp\/v2\/posts\/37345","targetHints":{"allow":["GET"]}}],"collection":[{"href":"https:\/\/politicosaldesnudo.com.mx\/index.php\/wp-json\/wp\/v2\/posts"}],"about":[{"href":"https:\/\/politicosaldesnudo.com.mx\/index.php\/wp-json\/wp\/v2\/types\/post"}],"author":[{"embeddable":true,"href":"https:\/\/politicosaldesnudo.com.mx\/index.php\/wp-json\/wp\/v2\/users\/4"}],"replies":[{"embeddable":true,"href":"https:\/\/politicosaldesnudo.com.mx\/index.php\/wp-json\/wp\/v2\/comments?post=37345"}],"version-history":[{"count":0,"href":"https:\/\/politicosaldesnudo.com.mx\/index.php\/wp-json\/wp\/v2\/posts\/37345\/revisions"}],"wp:featuredmedia":[{"embeddable":true,"href":"https:\/\/politicosaldesnudo.com.mx\/index.php\/wp-json\/wp\/v2\/media\/37346"}],"wp:attachment":[{"href":"https:\/\/politicosaldesnudo.com.mx\/index.php\/wp-json\/wp\/v2\/media?parent=37345"}],"wp:term":[{"taxonomy":"category","embeddable":true,"href":"https:\/\/politicosaldesnudo.com.mx\/index.php\/wp-json\/wp\/v2\/categories?post=37345"},{"taxonomy":"post_tag","embeddable":true,"href":"https:\/\/politicosaldesnudo.com.mx\/index.php\/wp-json\/wp\/v2\/tags?post=37345"}],"curies":[{"name":"wp","href":"https:\/\/api.w.org\/{rel}","templated":true}]}}