{"id":37373,"date":"2024-05-13T01:19:33","date_gmt":"2024-05-13T06:19:33","guid":{"rendered":"https:\/\/politicosaldesnudo.com.mx\/?p=37373"},"modified":"2024-05-13T01:19:33","modified_gmt":"2024-05-13T06:19:33","slug":"ecuador-atendera-desde-guatemala-y-eu-a-sus-ciudadanos-en-mexico","status":"publish","type":"post","link":"https:\/\/politicosaldesnudo.com.mx\/index.php\/2024\/05\/13\/ecuador-atendera-desde-guatemala-y-eu-a-sus-ciudadanos-en-mexico\/","title":{"rendered":"Ecuador atender\u00e1 desde Guatemala y EU a sus ciudadanos en M\u00e9xico"},"content":{"rendered":"<div class=\"content-body clearfix \">\n<div id=\"content-body-225-11907382\">\n<p><span style=\"font-size: 14pt;\">El Gobierno de Ecuador atender\u00e1 a sus compatriotas que se encuentran en territorio mexicano desde sus consulados en Guatemala y en las ciudades estadounidenses de Houston y Phoenix, tras poner fin a su gesti\u00f3n en Ciudad de M\u00e9xico y Monterrey el pr\u00f3ximo 15 de mayo.<\/span><\/p>\n<p><span style=\"font-size: 14pt;\">\u00abA partir del 16 de mayo 2024 los ecuatorianos en M\u00e9xico podr\u00e1n realizar los tr\u00e1mites consulares a trav\u00e9s de los Consulados en Guatemala, Houston y Phoenix\u00bb, afirm\u00f3 la Canciller\u00eda ecuatoriana en un comunicado difundido en su portal web.<\/span><\/p>\n<\/div>\n<\/div>\n<div class=\"advertisment \">\n<div id=\"dfp-nota-1x3s\" data-google-query-id=\"CJfNoLL9iYYDFSnPKAUdseEP1g\">\n<div id=\"google_ads_iframe_\/2000002\/la-prensa\/mexico_nota_1x3_0__container__\"><span style=\"font-size: 14pt;\">A\u00f1adi\u00f3 que \u00ablos consulados del Ecuador en la Ciudad de M\u00e9xico y en Monterrey continuar\u00e1n brindando sus servicios con normalidad, hasta el mi\u00e9rcoles 15 de mayo de 2024\u00bb.<\/span><\/div>\n<\/div>\n<\/div>\n<article class=\"content-continued-body clearfix \">\n<div id=\"content-body-5851641-11907382\">\n<p><span style=\"font-size: 14pt;\">Tambi\u00e9n present\u00f3 informaci\u00f3n de contacto de las oficinas del alto Comisionado de Naciones Unidas para los Refugiados (Acnur) y de la Organizaci\u00f3n Internacional de Migraciones (OIM) para ciudadanos ecuatorianos que se encuentren en territorio mexicano en condici\u00f3n de vulnerabilidad.<\/span><\/p>\n<p><span style=\"font-size: 14pt;\">El Gobierno de M\u00e9xico rompi\u00f3 relaciones diplom\u00e1ticas con Ecuador tras la irrupci\u00f3n violenta de polic\u00edas ecuatorianos en la Embajada mexicana en Quito, ocurrida el pasado 5 de abril, y dirigida a detener a Jorge Glas, vicepresidente en el Gobierno de Rafael Correa (2007-2017), que hab\u00eda recibido asilo en esa legaci\u00f3n diplom\u00e1tica.<\/span><\/p>\n<p><span style=\"font-size: 14pt;\">El presidente mexicano, Andr\u00e9s Manuel L\u00f3pez Obrador, adem\u00e1s llev\u00f3 el caso a la Corte Internacional de Justicia, donde Ecuador ha alegado la supuesta irregular concesi\u00f3n de asilo a Glas, al que considera un delincuente com\u00fan y procesado por supuesta corrupci\u00f3n.<\/span><\/p>\n<\/div>\n<\/article>\n","protected":false},"excerpt":{"rendered":"<p>El Gobierno de Ecuador atender\u00e1 a sus compatriotas que se encuentran en territorio mexicano desde sus consulados en Guatemala y<\/p>\n","protected":false},"author":4,"featured_media":37374,"comment_status":"closed","ping_status":"closed","sticky":false,"template":"","format":"standard","meta":{"colormag_page_container_layout":"default_layout","colormag_page_sidebar_layout":"default_layout","_jetpack_memberships_contains_paid_content":false,"footnotes":"","jetpack_publicize_message":"","jetpack_publicize_feature_enabled":true,"jetpack_social_post_already_shared":false,"jetpack_social_options":{"image_generator_settings":{"template":"highway","default_image_id":0,"font":"","enabled":false},"version":2}},"categories":[28],"tags":[1029],"class_list":["post-37373","post","type-post","status-publish","format-standard","has-post-thumbnail","hentry","category-internacional","tag-ecuador"],"jetpack_publicize_connections":[],"jetpack_featured_media_url":"https:\/\/i0.wp.com\/politicosaldesnudo.com.mx\/wp-content\/uploads\/2024\/05\/Daniel-Noboa-Azin.png?fit=400%2C250&ssl=1","jetpack-related-posts":[],"jetpack_sharing_enabled":true,"_links":{"self":[{"href":"https:\/\/politicosaldesnudo.com.mx\/index.php\/wp-json\/wp\/v2\/posts\/37373","targetHints":{"allow":["GET"]}}],"collection":[{"href":"https:\/\/politicosaldesnudo.com.mx\/index.php\/wp-json\/wp\/v2\/posts"}],"about":[{"href":"https:\/\/politicosaldesnudo.com.mx\/index.php\/wp-json\/wp\/v2\/types\/post"}],"author":[{"embeddable":true,"href":"https:\/\/politicosaldesnudo.com.mx\/index.php\/wp-json\/wp\/v2\/users\/4"}],"replies":[{"embeddable":true,"href":"https:\/\/politicosaldesnudo.com.mx\/index.php\/wp-json\/wp\/v2\/comments?post=37373"}],"version-history":[{"count":0,"href":"https:\/\/politicosaldesnudo.com.mx\/index.php\/wp-json\/wp\/v2\/posts\/37373\/revisions"}],"wp:featuredmedia":[{"embeddable":true,"href":"https:\/\/politicosaldesnudo.com.mx\/index.php\/wp-json\/wp\/v2\/media\/37374"}],"wp:attachment":[{"href":"https:\/\/politicosaldesnudo.com.mx\/index.php\/wp-json\/wp\/v2\/media?parent=37373"}],"wp:term":[{"taxonomy":"category","embeddable":true,"href":"https:\/\/politicosaldesnudo.com.mx\/index.php\/wp-json\/wp\/v2\/categories?post=37373"},{"taxonomy":"post_tag","embeddable":true,"href":"https:\/\/politicosaldesnudo.com.mx\/index.php\/wp-json\/wp\/v2\/tags?post=37373"}],"curies":[{"name":"wp","href":"https:\/\/api.w.org\/{rel}","templated":true}]}}