{"id":37527,"date":"2024-05-14T08:40:20","date_gmt":"2024-05-14T13:40:20","guid":{"rendered":"https:\/\/politicosaldesnudo.com.mx\/?p=37527"},"modified":"2024-05-14T08:40:20","modified_gmt":"2024-05-14T13:40:20","slug":"aumenta-en-mas-del-400-por-ciento-dengue-en-veracruz","status":"publish","type":"post","link":"https:\/\/politicosaldesnudo.com.mx\/index.php\/2024\/05\/14\/aumenta-en-mas-del-400-por-ciento-dengue-en-veracruz\/","title":{"rendered":"Aumenta en m\u00e1s del 400 por ciento Dengue en Veracruz"},"content":{"rendered":"<p><span style=\"font-size: 14pt;\">Al corte del 6 de mayo, el Estado de Veracruz reporta mil 78 casos confirmados de Dengue , es decir, 403.7 por ciento m\u00e1s en relaci\u00f3n a lo que este mismo periodo registr\u00f3 en 2023, el cual fue de 214 casos.<\/span><\/p>\n<p><span style=\"font-size: 14pt;\">Los municipios veracruzanos con mayor incidencia son Cosamaloapan y Amatitl\u00e1n, en menor registro Carlos A. Carrillo y Tuxtlilla. De estos m\u00e1s de mil casos en el estado, 555 corresponden a Dengue No Grave, 523 a Dengue Con Signos de Alarma y Dengue Grave y 26 a Dengue Grave.<\/span><\/p>\n<p><span style=\"font-size: 14pt;\">Ante este panorama, tan solo en Tuxpan se observan las cuadrillas de Vectores reforzando la estrategia de abatizaci\u00f3n en contenedores de almacenamiento de agua limpia y fumigaci\u00f3n en aquellas colonias con registro de casos confirmados.<\/span><\/p>\n<p><span style=\"font-size: 14pt;\">Y es que el Estado de Veracruz est\u00e1 en tercer lugar , despu\u00e9s de Guerrero, Tabasco y antes de Quintana Roo y Colima en registro de casos confirmados, toda vez que estos cinco albergan el 67 por ciento de los casos que hay a nivel nacional, los cuales ascienden a 12 mil 269 con 20 defunciones al corte.<\/span><\/p>\n","protected":false},"excerpt":{"rendered":"<p>Al corte del 6 de mayo, el Estado de Veracruz reporta mil 78 casos confirmados de Dengue , es decir,<\/p>\n","protected":false},"author":4,"featured_media":37528,"comment_status":"closed","ping_status":"closed","sticky":false,"template":"","format":"standard","meta":{"colormag_page_container_layout":"default_layout","colormag_page_sidebar_layout":"default_layout","_jetpack_memberships_contains_paid_content":false,"footnotes":"","jetpack_publicize_message":"","jetpack_publicize_feature_enabled":true,"jetpack_social_post_already_shared":false,"jetpack_social_options":{"image_generator_settings":{"template":"highway","default_image_id":0,"font":"","enabled":false},"version":2}},"categories":[1082],"tags":[],"class_list":["post-37527","post","type-post","status-publish","format-standard","has-post-thumbnail","hentry","category-tuxpan"],"jetpack_publicize_connections":[],"jetpack_featured_media_url":"https:\/\/i0.wp.com\/politicosaldesnudo.com.mx\/wp-content\/uploads\/2024\/05\/tuxpenos-refuerzan-medidas-ante-aumento-de-casos-de-dengue-sondeo-518627.jpeg?fit=800%2C600&ssl=1","jetpack-related-posts":[],"jetpack_sharing_enabled":true,"_links":{"self":[{"href":"https:\/\/politicosaldesnudo.com.mx\/index.php\/wp-json\/wp\/v2\/posts\/37527","targetHints":{"allow":["GET"]}}],"collection":[{"href":"https:\/\/politicosaldesnudo.com.mx\/index.php\/wp-json\/wp\/v2\/posts"}],"about":[{"href":"https:\/\/politicosaldesnudo.com.mx\/index.php\/wp-json\/wp\/v2\/types\/post"}],"author":[{"embeddable":true,"href":"https:\/\/politicosaldesnudo.com.mx\/index.php\/wp-json\/wp\/v2\/users\/4"}],"replies":[{"embeddable":true,"href":"https:\/\/politicosaldesnudo.com.mx\/index.php\/wp-json\/wp\/v2\/comments?post=37527"}],"version-history":[{"count":0,"href":"https:\/\/politicosaldesnudo.com.mx\/index.php\/wp-json\/wp\/v2\/posts\/37527\/revisions"}],"wp:featuredmedia":[{"embeddable":true,"href":"https:\/\/politicosaldesnudo.com.mx\/index.php\/wp-json\/wp\/v2\/media\/37528"}],"wp:attachment":[{"href":"https:\/\/politicosaldesnudo.com.mx\/index.php\/wp-json\/wp\/v2\/media?parent=37527"}],"wp:term":[{"taxonomy":"category","embeddable":true,"href":"https:\/\/politicosaldesnudo.com.mx\/index.php\/wp-json\/wp\/v2\/categories?post=37527"},{"taxonomy":"post_tag","embeddable":true,"href":"https:\/\/politicosaldesnudo.com.mx\/index.php\/wp-json\/wp\/v2\/tags?post=37527"}],"curies":[{"name":"wp","href":"https:\/\/api.w.org\/{rel}","templated":true}]}}