{"id":37530,"date":"2024-05-14T08:41:24","date_gmt":"2024-05-14T13:41:24","guid":{"rendered":"https:\/\/politicosaldesnudo.com.mx\/?p=37530"},"modified":"2024-05-14T08:41:24","modified_gmt":"2024-05-14T13:41:24","slug":"hipertensos-y-embarazadas-sufren-estragos-por-calor","status":"publish","type":"post","link":"https:\/\/politicosaldesnudo.com.mx\/index.php\/2024\/05\/14\/hipertensos-y-embarazadas-sufren-estragos-por-calor\/","title":{"rendered":"Hipertensos y embarazadas sufren estragos por calor"},"content":{"rendered":"<p><span style=\"font-size: 14pt;\">Autoridades de salud se encuentran haciendo un llamado especial ante las altas temperaturas que se viven, a aquellas personas con padecimientos como presi\u00f3n alta o baja, diabetes, embarazadas, adultos mayores,\u00a0 para que tengan especial atenci\u00f3n y no expongan de forma innecesaria a los bochornos que se viven, ya que est\u00e1n m\u00e1s propensos a sufrir estragos por ello.<\/span><\/p>\n<p><span style=\"font-size: 14pt;\">Comentaron que debido a las altas temperaturas hay personas que les sube o les baja la presi\u00f3n, por lo que ante cualquier s\u00edntoma se le recomienda acudir a su unidad m\u00e9dica para recibir la atenci\u00f3n adecuada,\u00a0 y hacen el llamado para no automedicarse.<\/span><\/p>\n<p><span style=\"font-size: 14pt;\">Explicaron que ha sido en ese grupo de personas donde se han presentado los mayores estragos,\u00a0 y por ello han aumentado las atenciones en los centros de salud.<\/span><\/p>\n<p><span style=\"font-size: 14pt;\">Por lo anterior solicitaron mantenerse bien hidratados,\u00a0 de ser posible tomar suero durante el d\u00eda, checarse la presi\u00f3n quienes padecen cambios en ella, de igual forma a los diab\u00e9ticos que es otro sector que est\u00e1 presentando complicaciones ante las altas temperaturas.<\/span><\/p>\n<p><span style=\"font-size: 14pt;\">Aseguraron que este problema va a continuar,\u00a0 por lo que ser\u00e1 mejor prevenir cualquier situaci\u00f3n causada por las temperaturas que superan los 40 grados.<\/span><\/p>\n","protected":false},"excerpt":{"rendered":"<p>Autoridades de salud se encuentran haciendo un llamado especial ante las altas temperaturas que se viven, a aquellas personas con<\/p>\n","protected":false},"author":4,"featured_media":37531,"comment_status":"closed","ping_status":"closed","sticky":false,"template":"","format":"standard","meta":{"colormag_page_container_layout":"default_layout","colormag_page_sidebar_layout":"default_layout","_jetpack_memberships_contains_paid_content":false,"footnotes":"","jetpack_publicize_message":"","jetpack_publicize_feature_enabled":true,"jetpack_social_post_already_shared":false,"jetpack_social_options":{"image_generator_settings":{"template":"highway","default_image_id":0,"font":"","enabled":false},"version":2}},"categories":[1082],"tags":[],"class_list":["post-37530","post","type-post","status-publish","format-standard","has-post-thumbnail","hentry","category-tuxpan"],"jetpack_publicize_connections":[],"jetpack_featured_media_url":"https:\/\/i0.wp.com\/politicosaldesnudo.com.mx\/wp-content\/uploads\/2024\/05\/images-14-1.jpeg?fit=739%2C415&ssl=1","jetpack-related-posts":[],"jetpack_sharing_enabled":true,"_links":{"self":[{"href":"https:\/\/politicosaldesnudo.com.mx\/index.php\/wp-json\/wp\/v2\/posts\/37530","targetHints":{"allow":["GET"]}}],"collection":[{"href":"https:\/\/politicosaldesnudo.com.mx\/index.php\/wp-json\/wp\/v2\/posts"}],"about":[{"href":"https:\/\/politicosaldesnudo.com.mx\/index.php\/wp-json\/wp\/v2\/types\/post"}],"author":[{"embeddable":true,"href":"https:\/\/politicosaldesnudo.com.mx\/index.php\/wp-json\/wp\/v2\/users\/4"}],"replies":[{"embeddable":true,"href":"https:\/\/politicosaldesnudo.com.mx\/index.php\/wp-json\/wp\/v2\/comments?post=37530"}],"version-history":[{"count":0,"href":"https:\/\/politicosaldesnudo.com.mx\/index.php\/wp-json\/wp\/v2\/posts\/37530\/revisions"}],"wp:featuredmedia":[{"embeddable":true,"href":"https:\/\/politicosaldesnudo.com.mx\/index.php\/wp-json\/wp\/v2\/media\/37531"}],"wp:attachment":[{"href":"https:\/\/politicosaldesnudo.com.mx\/index.php\/wp-json\/wp\/v2\/media?parent=37530"}],"wp:term":[{"taxonomy":"category","embeddable":true,"href":"https:\/\/politicosaldesnudo.com.mx\/index.php\/wp-json\/wp\/v2\/categories?post=37530"},{"taxonomy":"post_tag","embeddable":true,"href":"https:\/\/politicosaldesnudo.com.mx\/index.php\/wp-json\/wp\/v2\/tags?post=37530"}],"curies":[{"name":"wp","href":"https:\/\/api.w.org\/{rel}","templated":true}]}}