{"id":37537,"date":"2024-05-14T09:03:12","date_gmt":"2024-05-14T14:03:12","guid":{"rendered":"https:\/\/politicosaldesnudo.com.mx\/?p=37537"},"modified":"2024-05-14T09:03:12","modified_gmt":"2024-05-14T14:03:12","slug":"el-terrorifico-domingo-de-pepe","status":"publish","type":"post","link":"https:\/\/politicosaldesnudo.com.mx\/index.php\/2024\/05\/14\/el-terrorifico-domingo-de-pepe\/","title":{"rendered":"El terror\u00edfico domingo de Pepe"},"content":{"rendered":"<p><strong>Por: Luis Ram\u00edrez Baqueiro<\/strong><\/p>\n<p>&nbsp;<\/p>\n<p><em>\u201cNada se olvida m\u00e1s despacio que una ofensa, y nada m\u00e1s r\u00e1pido que un favor.\u201d \u2013 Mart\u00edn Lutero.<\/em><\/p>\n<p>Tras reunirnos el pasado domingo 12 de mayo con un grupo de amigos, maestros unos, profesionales en finanzas otros, para ver el debate a la Gubernatura, la conclusi\u00f3n a la que fr\u00edamente se lleg\u00f3 fue que esa jornada hab\u00eda sido terror\u00edfica para el candidato de la Coalici\u00f3n Fuerza y Coraz\u00f3n por Veracruz, Pepe Yunes Zorrilla.<\/p>\n<p>Tras presentarse para repetir m\u00e1s de 50 veces el gentilicio de la candidata de la Coalici\u00f3n Juntos Haremos Historia, Roc\u00edo Nahle Garc\u00eda, que nos qued\u00f3 claro desde el primer momento en que lo dijo en el primer debate, la realidad es que esa jornada dominical aparentemente fue de horror para el perote\u00f1o.<\/p>\n<p>Exhibido, desarmado, sin argumentos sustantivos y argumentativos en su discurso, Pepe Yunes sufri\u00f3 en carne propia la sensaci\u00f3n de horror y terror que debe sentir aquel delincuente que es sorprendido y detenido infraganti.<\/p>\n<p>Por su mente debieron pasar mil y un im\u00e1genes, la presencia regular del clan no se hizo presente, este domingo literalmente lo dejaron solo, se afirma que al exterior del World Trade Center (WTC) solo la presencia de militantes priistas y morenistas hicieron la nota, pues hasta a banderazos se tundieron, en el af\u00e1n de hacerse presentes.<\/p>\n<p>Pero del clan nada, un silencio premonitorio, de esos que delatan la traici\u00f3n y el abandon\u00f3 al saber que el barco de su candidatura ha comenzado a hundirse y hacer agua por todas partes.<\/p>\n<p>El estupor demostrado en el rostro de Pepe Yunes tras la masacrada que le arrim\u00f3 la propia Roc\u00edo Nahle cuando se deb\u00eda debatir la \u201cigualdad sustantiva\u201d hizo sudar m\u00e1s que fr\u00edo al perote\u00f1o.<\/p>\n<p>Ah\u00ed comenz\u00f3 a salir la podredumbre, la llaga con p\u00fastulas explot\u00f3, sin m\u00e1s remedio que contener el grito de dolor, ante el certero \u201c<em>uppercut<\/em>\u201d que le receto la \u201czacatecana\u201d adoptada \u201cveracruzana\u201d por decisi\u00f3n propia que habr\u00e1 de gobernar Veracruz. <a href=\"https:\/\/www.facebook.com\/watch?v=2769293583234927\">https:\/\/www.facebook.com\/watch?v=2769293583234927<\/a><\/p>\n<p>Sin palabras qued\u00f3 el pol\u00edtico que opt\u00f3 tirar a la basura 30 a\u00f1os de carrera pol\u00edtica por seguir el \u201csabio\u201d consejo del l\u00edder de su clan, quien fr\u00edamente calculado ten\u00eda todo planeado para borrar de golpe y porrazo toda oposici\u00f3n yunesca que no fuera de su linaje directo.<\/p>\n<p>As\u00ed para la elecci\u00f3n del 2030 y antes en la del 2025, s\u00f3lo habr\u00e1 de subsistir el linaje azul del clan Yunista, pero esa verdad cantada meses atr\u00e1s fue la que no quiso escuchar el ahora denominado \u201cPepito el de los cuentos\u201d por la propia Roc\u00edo NAhle de las verdaderas voces amigas que le dijeron por ah\u00ed no Pepe.<\/p>\n<p>C\u00f3mo ser\u00eda terror\u00edfica la jornada de domingo para Pepe Yunes que minutos antes del arranque al segundo debate, el operador pol\u00edtico estrella de la candidata oficial, Juan Javier G\u00f3mez Cazar\u00edn le recetaba una baja considerable de alcaldes opositores a su campa\u00f1a.<\/p>\n<p>25 ediles quienes, sin presiones, convencidos de que el proyecto que la ex senadora y ex secretar\u00eda de Energ\u00eda es la mejor propuesta, se sumaron sin miramientos a la campa\u00f1a. <a href=\"https:\/\/ventanaver.mx\/principal\/tejiendo-fino-cazarin-suma-mas-presidentes-municipales-del-pri-y-pan-a-la-4t\/\">https:\/\/ventanaver.mx\/principal\/tejiendo-fino-cazarin-suma-mas-presidentes-municipales-del-pri-y-pan-a-la-4t\/<\/a><\/p>\n<p>El terror\u00edfico domingo de Pepe, quedar\u00e1 marcado como el final de una carrera pol\u00edtica que brillo y simplemente se opac\u00f3 por la consecutiva serie de decisiones y malas consejas que no supo diferenciar, junto con \u00e9l sus #Pepelovers \u2013s\u00edmil de los que denominaban ellos mismos, los conservadores, como los #Chairolovers que han desatado su esquizofrenia en redes- habr\u00e1n de quedar las esperanzas mal conducidas por quien no debi\u00f3 ser el candidato de la oposici\u00f3n por la visi\u00f3n retr\u00f3grada y anquilosada de no dar oportunidad a todos en un proceso democr\u00e1tico de verdad.<\/p>\n<p>Los estad\u00edsticos y encuestadores afirmaron que la derrota de la oposici\u00f3n est\u00e1 cantada en Veracruz y de este <em>\u201cknock out\u201d <\/em>ya no se levantan, al menos por este proceso electoral.<\/p>\n<p>&nbsp;<\/p>\n<p>Al tiempo.<\/p>\n","protected":false},"excerpt":{"rendered":"<p>Por: Luis Ram\u00edrez Baqueiro &nbsp; \u201cNada se olvida m\u00e1s despacio que una ofensa, y nada m\u00e1s r\u00e1pido que un favor.\u201d<\/p>\n","protected":false},"author":4,"featured_media":37457,"comment_status":"closed","ping_status":"closed","sticky":false,"template":"","format":"standard","meta":{"colormag_page_container_layout":"default_layout","colormag_page_sidebar_layout":"default_layout","_jetpack_memberships_contains_paid_content":false,"footnotes":"","jetpack_publicize_message":"","jetpack_publicize_feature_enabled":true,"jetpack_social_post_already_shared":false,"jetpack_social_options":{"image_generator_settings":{"template":"highway","default_image_id":0,"font":"","enabled":false},"version":2}},"categories":[26],"tags":[],"class_list":["post-37537","post","type-post","status-publish","format-standard","has-post-thumbnail","hentry","category-columnistas"],"jetpack_publicize_connections":[],"jetpack_featured_media_url":"https:\/\/i0.wp.com\/politicosaldesnudo.com.mx\/wp-content\/uploads\/2024\/05\/luis_ramirez_baqueiro.jpg?fit=1280%2C860&ssl=1","jetpack-related-posts":[],"jetpack_sharing_enabled":true,"_links":{"self":[{"href":"https:\/\/politicosaldesnudo.com.mx\/index.php\/wp-json\/wp\/v2\/posts\/37537","targetHints":{"allow":["GET"]}}],"collection":[{"href":"https:\/\/politicosaldesnudo.com.mx\/index.php\/wp-json\/wp\/v2\/posts"}],"about":[{"href":"https:\/\/politicosaldesnudo.com.mx\/index.php\/wp-json\/wp\/v2\/types\/post"}],"author":[{"embeddable":true,"href":"https:\/\/politicosaldesnudo.com.mx\/index.php\/wp-json\/wp\/v2\/users\/4"}],"replies":[{"embeddable":true,"href":"https:\/\/politicosaldesnudo.com.mx\/index.php\/wp-json\/wp\/v2\/comments?post=37537"}],"version-history":[{"count":0,"href":"https:\/\/politicosaldesnudo.com.mx\/index.php\/wp-json\/wp\/v2\/posts\/37537\/revisions"}],"wp:featuredmedia":[{"embeddable":true,"href":"https:\/\/politicosaldesnudo.com.mx\/index.php\/wp-json\/wp\/v2\/media\/37457"}],"wp:attachment":[{"href":"https:\/\/politicosaldesnudo.com.mx\/index.php\/wp-json\/wp\/v2\/media?parent=37537"}],"wp:term":[{"taxonomy":"category","embeddable":true,"href":"https:\/\/politicosaldesnudo.com.mx\/index.php\/wp-json\/wp\/v2\/categories?post=37537"},{"taxonomy":"post_tag","embeddable":true,"href":"https:\/\/politicosaldesnudo.com.mx\/index.php\/wp-json\/wp\/v2\/tags?post=37537"}],"curies":[{"name":"wp","href":"https:\/\/api.w.org\/{rel}","templated":true}]}}