{"id":37553,"date":"2024-05-15T07:36:31","date_gmt":"2024-05-15T12:36:31","guid":{"rendered":"https:\/\/politicosaldesnudo.com.mx\/?p=37553"},"modified":"2024-05-15T07:36:31","modified_gmt":"2024-05-15T12:36:31","slug":"petro-denunciara-al-estado-colombiano-por-incumplir-acuerdos-de-paz-de-2016","status":"publish","type":"post","link":"https:\/\/politicosaldesnudo.com.mx\/index.php\/2024\/05\/15\/petro-denunciara-al-estado-colombiano-por-incumplir-acuerdos-de-paz-de-2016\/","title":{"rendered":"Petro denunciar\u00e1 al Estado colombiano por incumplir acuerdos de paz de 2016"},"content":{"rendered":"<p><span style=\"font-size: 14pt;\">El presidente Gustavo Petro advirti\u00f3 hoy que acudir\u00e1 al pr\u00f3ximo periodo de sesiones del Consejo de Seguridad de Naciones Unidas para denunciar al Estado colombiano por impedir la implementaci\u00f3n de los acuerdos de paz firmados en 2016 con las Fuerzas Armadas Revolucionarias de Colombia (FARC).<\/span><\/p>\n<p><span style=\"font-size: 14pt;\">Durante la toma de posesi\u00f3n de una alta funcionaria judicial, Petro anunci\u00f3 que \u201cel presidente de la Rep\u00fablica va a tener que ir en persona a la ONU para decir que definitivamente el Estado de Colombia no quiere cumplir el acuerdo de paz que firm\u00f3. No puedo decir mentiras\u201d.<\/span><\/p>\n<p><span style=\"font-size: 14pt;\">Visiblemente fastidiado ante la avalancha de obst\u00e1culos que siembran las fuerzas tradicionales para sabotear tanto su paquete de reformas sociales como la ejecuci\u00f3n del pacto de paz de 2016 -que gira alrededor de una profunda reforma agraria, la transformaci\u00f3n de los territorios hist\u00f3ricamente olvidados y la verdad judicial sobre lo que aconteci\u00f3 en casi seis d\u00e9cadas de guerra- el jefe de Estado alert\u00f3 sobre las consecuencias de incumplir un acuerdo del cual es garante, entre otros, la ONU. \u201cEl Estado colombiano perder\u00e1 credibilidad ante el mundo, no s\u00f3lo ante los se\u00f1ores armados con los que se firm\u00f3 la paz\u201d, dijo.<\/span><\/p>\n<p><span style=\"font-size: 14pt;\">Adem\u00e1s del Consejo de Seguridad, son garantes del pacto de paz de 2016 Noruega, Cuba, M\u00e9xico y Venezuela, pa\u00edses que acompa\u00f1aron durante m\u00e1s de cinco a\u00f1os las negociaciones celebradas en La Habana.<\/span><\/p>\n<p><span style=\"font-size: 14pt;\">Ante la inquietante situaci\u00f3n de que un jefe de Estado anuncie que acusar\u00e1 al Estado que \u00e9l preside ante la ONU, el polit\u00f3logo Horacio Duque record\u00f3 que los gobiernos de Juan Manuel Santos (2010-2018), firmante del acuerdo, y de Iv\u00e1n Duque (2018-2022) no s\u00f3lo incumplieron lo pactado sino que se dedicaron a destruir su contenido, en el caso de Duque ejecutando al pie de la letra lo anunciado durante la campa\u00f1a electoral de que \u201char\u00edan trizas\u201d el tratado de paz.<\/span><\/p>\n<p><span style=\"font-size: 14pt;\">\u201cLa idea que transmite el presidente Petro con su anuncio es que hay un bloqueo institucional, un Estado secuestrado por los grandes poderes tradicionales que se interponen a cualquier asomo de reformas porque est\u00e1n acostumbrados a vivir de la guerra\u201d, coment\u00f3 a La Jornada Duque.<\/span><\/p>\n<p><span style=\"font-size: 14pt;\">Contactado por este peri\u00f3dico, Juli\u00e1n Gallo, senador por el partido Comunes, surgido de los acuerdos con las extintas FARC, salud\u00f3 la iniciativa de Petro de informar a la ONU \u201csobre los obst\u00e1culos que imponen a la implementaci\u00f3n de la paz los poderes f\u00e1cticos de la vieja institucionalidad\u201d y sugiri\u00f3 al presidente Petro que viaje al pr\u00f3ximo ciclo de sesiones del Consejo de Seguridad acompa\u00f1ado del vocero de la alta parte contratante del acuerdo de 2016, Rodrigo Londo\u00f1o, presidente de Comunes.<\/span><\/p>\n<p><span style=\"font-size: 14pt;\">Por su parte, el ex comisionado de paz Danilo Rueda consider\u00f3 que al presidente le asiste la raz\u00f3n cuando pone en evidencia el cerco que los viejos enemigos de la paz han tendido para dificultar la ejecuci\u00f3n del pacto de 2016 y consider\u00f3 que es hora de pensar en una restructuraci\u00f3n de lo acordado para \u201cponer el acuerdo a tono con las nuevas realidades del pa\u00eds cuyo gobierno ha elevado el asunto de la paz a una pol\u00edtica de Estado\u201d.<\/span><\/p>\n<p><span style=\"font-size: 14pt;\">A dos meses de llegar a la mitad de su mandato, el presidente Petro mantiene una estrategia denominada Paz Total, que busca -a trav\u00e9s de la negociaci\u00f3n pol\u00edtica- terminar la confrontaci\u00f3n armada con tres fuerzas guerrilleras que todav\u00eda operan en varias regiones del pa\u00eds: el Ej\u00e9rcito de Liberaci\u00f3n Nacional (ELN), y dos disidencias de las extintas FARC conocidas como Segunda Marquetalia y Estado Mayor Central que no se acogieron o renunciaron al acuerdo de paz firmado con el gobierno Santos.<\/span><\/p>\n","protected":false},"excerpt":{"rendered":"<p>El presidente Gustavo Petro advirti\u00f3 hoy que acudir\u00e1 al pr\u00f3ximo periodo de sesiones del Consejo de Seguridad de Naciones Unidas<\/p>\n","protected":false},"author":4,"featured_media":37554,"comment_status":"closed","ping_status":"closed","sticky":false,"template":"","format":"standard","meta":{"colormag_page_container_layout":"default_layout","colormag_page_sidebar_layout":"default_layout","_jetpack_memberships_contains_paid_content":false,"footnotes":"","jetpack_publicize_message":"","jetpack_publicize_feature_enabled":true,"jetpack_social_post_already_shared":false,"jetpack_social_options":{"image_generator_settings":{"template":"highway","default_image_id":0,"font":"","enabled":false},"version":2}},"categories":[28],"tags":[1832],"class_list":["post-37553","post","type-post","status-publish","format-standard","has-post-thumbnail","hentry","category-internacional","tag-peru"],"jetpack_publicize_connections":[],"jetpack_featured_media_url":"https:\/\/i0.wp.com\/politicosaldesnudo.com.mx\/wp-content\/uploads\/2024\/05\/Petro-ok-1.jpg?fit=1250%2C820&ssl=1","jetpack-related-posts":[],"jetpack_sharing_enabled":true,"_links":{"self":[{"href":"https:\/\/politicosaldesnudo.com.mx\/index.php\/wp-json\/wp\/v2\/posts\/37553","targetHints":{"allow":["GET"]}}],"collection":[{"href":"https:\/\/politicosaldesnudo.com.mx\/index.php\/wp-json\/wp\/v2\/posts"}],"about":[{"href":"https:\/\/politicosaldesnudo.com.mx\/index.php\/wp-json\/wp\/v2\/types\/post"}],"author":[{"embeddable":true,"href":"https:\/\/politicosaldesnudo.com.mx\/index.php\/wp-json\/wp\/v2\/users\/4"}],"replies":[{"embeddable":true,"href":"https:\/\/politicosaldesnudo.com.mx\/index.php\/wp-json\/wp\/v2\/comments?post=37553"}],"version-history":[{"count":0,"href":"https:\/\/politicosaldesnudo.com.mx\/index.php\/wp-json\/wp\/v2\/posts\/37553\/revisions"}],"wp:featuredmedia":[{"embeddable":true,"href":"https:\/\/politicosaldesnudo.com.mx\/index.php\/wp-json\/wp\/v2\/media\/37554"}],"wp:attachment":[{"href":"https:\/\/politicosaldesnudo.com.mx\/index.php\/wp-json\/wp\/v2\/media?parent=37553"}],"wp:term":[{"taxonomy":"category","embeddable":true,"href":"https:\/\/politicosaldesnudo.com.mx\/index.php\/wp-json\/wp\/v2\/categories?post=37553"},{"taxonomy":"post_tag","embeddable":true,"href":"https:\/\/politicosaldesnudo.com.mx\/index.php\/wp-json\/wp\/v2\/tags?post=37553"}],"curies":[{"name":"wp","href":"https:\/\/api.w.org\/{rel}","templated":true}]}}