{"id":37596,"date":"2024-05-15T08:30:22","date_gmt":"2024-05-15T13:30:22","guid":{"rendered":"https:\/\/politicosaldesnudo.com.mx\/?p=37596"},"modified":"2024-05-15T08:30:22","modified_gmt":"2024-05-15T13:30:22","slug":"cruz-roja-finalizara-colecta-este-mes-exhortan-a-seguir-apoyando","status":"publish","type":"post","link":"https:\/\/politicosaldesnudo.com.mx\/index.php\/2024\/05\/15\/cruz-roja-finalizara-colecta-este-mes-exhortan-a-seguir-apoyando\/","title":{"rendered":"Cruz Roja finalizar\u00e1 colecta este mes, exhortan a seguir apoyando"},"content":{"rendered":"<p><span style=\"font-size: 14pt;\">El pr\u00f3ximo 31 de mayo ser\u00e1 cuando concluya la Colecta anual de la Cruz Roja a nivel nacional, ante ello Mar\u00eda Antonieta Hern\u00e1ndez Guerrero, Secretaria de la Delegaci\u00f3n Tuxpe\u00f1a, exhort\u00f3 a la ciudadan\u00eda a seguir contribuyendo con su donativo, debido a que hasta el momento la respuesta de apoyo no ha estado a la altura de las necesidades de esta corporaci\u00f3n de emergencia.<\/span><\/p>\n<p><span style=\"font-size: 14pt;\">Indic\u00f3 que a la colecta se han sumado grupos empresariales y la misma sociedad tuxpe\u00f1a ha contribuido depositando su donativo en las \u00e1nforas, sin embargo el apoyo no es el suficiente para poder incrementar la capacidad de sus servicios, que con el crecimiento de la ciudad y la llegada de mayor turismo son m\u00e1s demandados.<\/span><\/p>\n<p><span style=\"font-size: 14pt;\">Se\u00f1al\u00f3 que entre las necesidades m\u00e1s urgentes est\u00e1 adquirir una nueva ambulancia y equipamiento para las que ya est\u00e1n en operaci\u00f3n, por lo que exhort\u00f3 a la ciudadan\u00eda a continuar colaborando en la colecta en las que son las dos \u00faltimas semanas de su edici\u00f3n de este a\u00f1o.<\/span><\/p>\n","protected":false},"excerpt":{"rendered":"<p>El pr\u00f3ximo 31 de mayo ser\u00e1 cuando concluya la Colecta anual de la Cruz Roja a nivel nacional, ante ello<\/p>\n","protected":false},"author":4,"featured_media":37597,"comment_status":"closed","ping_status":"closed","sticky":false,"template":"","format":"standard","meta":{"colormag_page_container_layout":"default_layout","colormag_page_sidebar_layout":"default_layout","_jetpack_memberships_contains_paid_content":false,"footnotes":"","jetpack_publicize_message":"","jetpack_publicize_feature_enabled":true,"jetpack_social_post_already_shared":false,"jetpack_social_options":{"image_generator_settings":{"template":"highway","default_image_id":0,"font":"","enabled":false},"version":2}},"categories":[1082],"tags":[],"class_list":["post-37596","post","type-post","status-publish","format-standard","has-post-thumbnail","hentry","category-tuxpan"],"jetpack_publicize_connections":[],"jetpack_featured_media_url":"https:\/\/i0.wp.com\/politicosaldesnudo.com.mx\/wp-content\/uploads\/2024\/05\/images-2-2.jpg?fit=274%2C184&ssl=1","jetpack-related-posts":[],"jetpack_sharing_enabled":true,"_links":{"self":[{"href":"https:\/\/politicosaldesnudo.com.mx\/index.php\/wp-json\/wp\/v2\/posts\/37596","targetHints":{"allow":["GET"]}}],"collection":[{"href":"https:\/\/politicosaldesnudo.com.mx\/index.php\/wp-json\/wp\/v2\/posts"}],"about":[{"href":"https:\/\/politicosaldesnudo.com.mx\/index.php\/wp-json\/wp\/v2\/types\/post"}],"author":[{"embeddable":true,"href":"https:\/\/politicosaldesnudo.com.mx\/index.php\/wp-json\/wp\/v2\/users\/4"}],"replies":[{"embeddable":true,"href":"https:\/\/politicosaldesnudo.com.mx\/index.php\/wp-json\/wp\/v2\/comments?post=37596"}],"version-history":[{"count":0,"href":"https:\/\/politicosaldesnudo.com.mx\/index.php\/wp-json\/wp\/v2\/posts\/37596\/revisions"}],"wp:featuredmedia":[{"embeddable":true,"href":"https:\/\/politicosaldesnudo.com.mx\/index.php\/wp-json\/wp\/v2\/media\/37597"}],"wp:attachment":[{"href":"https:\/\/politicosaldesnudo.com.mx\/index.php\/wp-json\/wp\/v2\/media?parent=37596"}],"wp:term":[{"taxonomy":"category","embeddable":true,"href":"https:\/\/politicosaldesnudo.com.mx\/index.php\/wp-json\/wp\/v2\/categories?post=37596"},{"taxonomy":"post_tag","embeddable":true,"href":"https:\/\/politicosaldesnudo.com.mx\/index.php\/wp-json\/wp\/v2\/tags?post=37596"}],"curies":[{"name":"wp","href":"https:\/\/api.w.org\/{rel}","templated":true}]}}