{"id":37599,"date":"2024-05-15T08:31:53","date_gmt":"2024-05-15T13:31:53","guid":{"rendered":"https:\/\/politicosaldesnudo.com.mx\/?p=37599"},"modified":"2024-05-15T08:31:53","modified_gmt":"2024-05-15T13:31:53","slug":"el-estigma-en-torno-a-las-victimas-de-desaparicion-forzada","status":"publish","type":"post","link":"https:\/\/politicosaldesnudo.com.mx\/index.php\/2024\/05\/15\/el-estigma-en-torno-a-las-victimas-de-desaparicion-forzada\/","title":{"rendered":"El estigma en torno a las v\u00edctimas de desaparici\u00f3n forzada"},"content":{"rendered":"<p><span style=\"font-size: 14pt;\">\u00abEn algo andaban\u00bb, \u00abpor c\u00f3mo se vest\u00edan y actuaban\u00bb es parte de la estigmatizaci\u00f3n de la sociedad, autoridades y elementos policiacos que hay en torno de los casos de personas desaparecidas en M\u00e9xico, siendo una de las realidades que enfrentan las familias de las v\u00edctimas, quienes son criminalizados y etiquetados.<\/span><\/p>\n<p><span style=\"font-size: 14pt;\">\u00ab&#8230;son seres humanos, son hijos de la madre, y merecen ser buscados porque tenemos justicia, tenemos leyes en nuestro pa\u00eds? que cometen errores pueden ser juzgados pues pueden ser juzgados pero no desaparecidos?\u00bb Maricel Torres Melo, Representante del Colectivo Familiares en B\u00fasqueda Mar\u00eda Herrera de Poza Rica<\/span><\/p>\n<p><span style=\"font-size: 14pt;\">Un caso reciente, es el matrimonio pozarricense que desapareci\u00f3 el pasado 8 de abril luego de ir a mostrar una camioneta en la ciudad de Poza Rica, municipio en el cual se concentran el mayor n\u00famero de desapariciones en la zona norte del estado.<\/span><\/p>\n<p><span style=\"font-size: 14pt;\">Este 2024 suman m\u00e1s de 100 mil personas desaparecidas a nivel nacional, y fue durante la pasada marcha nacional del 10 de Mayo en el marco del D\u00eda de las Madres, donde participaron m\u00e1s de 50 colectivos de b\u00fasqueda de diferentes partes del pa\u00eds, exigiendo avances en la investigaci\u00f3n, resultados y mejores condiciones de vida para las familias de las v\u00edctimas.<\/span><\/p>\n<p><span style=\"font-size: 14pt;\">\u00ab&#8230;es una lucha constante que tenemos contra la memoria, nosotros seguimos exigiendo y demostrando al gobierno que somos muchos y que ellos nos siguen faltando?\u00bb Maricel Torres Melo, Representante del Colectivo Familiares en B\u00fasqueda Mar\u00eda Herrera de Poza Rica<\/span><\/p>\n<p><span style=\"font-size: 14pt;\">Es importante que la sociedad sea consciente y haga a un lado la idea de que las personas \u00abbuenas\u00bb no pueden desaparecer, pues los casos del delito de desaparici\u00f3n forzada van en aumento y es un panorama al que todos estamos expuestos.<\/span><\/p>\n","protected":false},"excerpt":{"rendered":"<p>\u00abEn algo andaban\u00bb, \u00abpor c\u00f3mo se vest\u00edan y actuaban\u00bb es parte de la estigmatizaci\u00f3n de la sociedad, autoridades y elementos<\/p>\n","protected":false},"author":4,"featured_media":37600,"comment_status":"closed","ping_status":"closed","sticky":false,"template":"","format":"standard","meta":{"colormag_page_container_layout":"default_layout","colormag_page_sidebar_layout":"default_layout","_jetpack_memberships_contains_paid_content":false,"footnotes":"","jetpack_publicize_message":"","jetpack_publicize_feature_enabled":true,"jetpack_social_post_already_shared":false,"jetpack_social_options":{"image_generator_settings":{"template":"highway","default_image_id":0,"font":"","enabled":false},"version":2}},"categories":[1082],"tags":[],"class_list":["post-37599","post","type-post","status-publish","format-standard","has-post-thumbnail","hentry","category-tuxpan"],"jetpack_publicize_connections":[],"jetpack_featured_media_url":"https:\/\/i0.wp.com\/politicosaldesnudo.com.mx\/wp-content\/uploads\/2024\/05\/b040eb00-33bc-4b0e-883b-3d36870245f3.jpg?fit=1600%2C1066&ssl=1","jetpack-related-posts":[],"jetpack_sharing_enabled":true,"_links":{"self":[{"href":"https:\/\/politicosaldesnudo.com.mx\/index.php\/wp-json\/wp\/v2\/posts\/37599","targetHints":{"allow":["GET"]}}],"collection":[{"href":"https:\/\/politicosaldesnudo.com.mx\/index.php\/wp-json\/wp\/v2\/posts"}],"about":[{"href":"https:\/\/politicosaldesnudo.com.mx\/index.php\/wp-json\/wp\/v2\/types\/post"}],"author":[{"embeddable":true,"href":"https:\/\/politicosaldesnudo.com.mx\/index.php\/wp-json\/wp\/v2\/users\/4"}],"replies":[{"embeddable":true,"href":"https:\/\/politicosaldesnudo.com.mx\/index.php\/wp-json\/wp\/v2\/comments?post=37599"}],"version-history":[{"count":0,"href":"https:\/\/politicosaldesnudo.com.mx\/index.php\/wp-json\/wp\/v2\/posts\/37599\/revisions"}],"wp:featuredmedia":[{"embeddable":true,"href":"https:\/\/politicosaldesnudo.com.mx\/index.php\/wp-json\/wp\/v2\/media\/37600"}],"wp:attachment":[{"href":"https:\/\/politicosaldesnudo.com.mx\/index.php\/wp-json\/wp\/v2\/media?parent=37599"}],"wp:term":[{"taxonomy":"category","embeddable":true,"href":"https:\/\/politicosaldesnudo.com.mx\/index.php\/wp-json\/wp\/v2\/categories?post=37599"},{"taxonomy":"post_tag","embeddable":true,"href":"https:\/\/politicosaldesnudo.com.mx\/index.php\/wp-json\/wp\/v2\/tags?post=37599"}],"curies":[{"name":"wp","href":"https:\/\/api.w.org\/{rel}","templated":true}]}}