{"id":37614,"date":"2024-05-15T08:47:42","date_gmt":"2024-05-15T13:47:42","guid":{"rendered":"https:\/\/politicosaldesnudo.com.mx\/?p=37614"},"modified":"2024-05-15T08:47:42","modified_gmt":"2024-05-15T13:47:42","slug":"paranoia-y-purgas-en-el-morenato-a-dos-semanas-de-la-eleccion","status":"publish","type":"post","link":"https:\/\/politicosaldesnudo.com.mx\/index.php\/2024\/05\/15\/paranoia-y-purgas-en-el-morenato-a-dos-semanas-de-la-eleccion\/","title":{"rendered":"Paranoia y purgas en el morenato, a dos semanas de la elecci\u00f3n"},"content":{"rendered":"<p><span style=\"font-size: 14pt;\"><strong>Por Aurelio Contreras Moreno<\/strong><\/span><\/p>\n<p><span style=\"font-size: 14pt;\">La destituci\u00f3n fulminante de tres funcionarios del gobierno de Cuitl\u00e1huac Garc\u00eda Jim\u00e9nez fue una orden \u2013sin comillas, literal- que le dio Roc\u00edo Nahle a quien todav\u00eda cobra como gobernador de Veracruz.<\/span><\/p>\n<p><span style=\"font-size: 14pt;\">Los hoy ex funcionarios Yair Ademar Dom\u00ednguez V\u00e1zquez, quien fung\u00eda como encargado de la Subsecretar\u00eda de Gobierno; Israel Hern\u00e1ndez Rold\u00e1n, ahora ex encargado de la Subsecretar\u00eda de Asuntos Jur\u00eddicos y Legislativos; y Rafael Castillo Zugasti, quien encabezaba el Instituto Veracruzano de Desarrollo Municipal (Invedem), ten\u00edan en com\u00fan ser operadores cercanos del otrora poderoso ex secretario de gobierno Eric Patrocinio Cisneros Burgos.<\/span><\/p>\n<p><span style=\"font-size: 14pt;\">Cisneros sali\u00f3 del gobierno \u2013donde era quien en realidad mandaba- para disputar en serio la candidatura de Morena a la gubernatura a la propia Roc\u00edo Nahle, de quien en un principio \u00e9l mismo fue operador y pieza clave para controlar la administraci\u00f3n p\u00fablica estatal de Veracruz, ante la debilidad e indolencia de Cuitl\u00e1huac Garc\u00eda.<\/span><\/p>\n<p><span style=\"font-size: 14pt;\">Eric Cisneros acumul\u00f3 tal cantidad de poder \u2013del bueno y sobre todo del malo-, que se crey\u00f3 que pod\u00eda disputar con plenitud de derecho la candidatura a la gubernatura de Veracruz. Al menos, \u00e9l s\u00ed hab\u00eda nacido en su territorio, no como la \u201celegida\u201d por \u201cya saben qui\u00e9n\u201d.<\/span><\/p>\n<p><span style=\"font-size: 14pt;\">Precisamente, fue esto \u00faltimo lo que perdi\u00f3 de vista el cuenque\u00f1o: la contienda interna \u2013como ocurre con casi todo en Morena- era una mera simulaci\u00f3n para legitimar una decisi\u00f3n tomada en Palacio Nacional. La ungida ser\u00eda la zacatecana, a pesar de todos los pesares. Y as\u00ed fue, exactamente.<\/span><\/p>\n<p><span style=\"font-size: 14pt;\">Roc\u00edo Nahle fue postulada candidata a pesar de que perdi\u00f3 la contienda interna. No frente a Cisneros, sino ante un ninguneado Manuel Huerta, que durante todo el sexenio se dedic\u00f3 desde la delegaci\u00f3n del Bienestar \u2013y aprovechando los programas sociales que manej\u00f3 a discreci\u00f3n- a construir su red de operadores y una base social de la que carecieron sus contrincantes. A pesar de ello, la decisi\u00f3n ya hab\u00eda sido tomada por Andr\u00e9s Manuel L\u00f3pez Obrador y Nahle ser\u00eda la candidata, con todo y su fracaso en Dos Bocas, que hasta la fecha y dos inauguraciones despu\u00e9s, sigue sin refinar una gota de combustible.<\/span><\/p>\n<p><span style=\"font-size: 14pt;\">Huerta se disciplin\u00f3 hasta la ignominia. No solo no le dieron la candidatura que gan\u00f3, sino que lo bajaron a la segunda posici\u00f3n en la f\u00f3rmula al Senado para beneficiar a una comadre de la zacatecana, que como diputada federal por Xalapa en dos legislaturas seguidas hizo\u2026 absolutamente nada por el distrito que alberga a la capital veracruzana.<\/span><\/p>\n<p><span style=\"font-size: 14pt;\">Pero Cisneros qued\u00f3 mal parado. Y sabedor de que c\u00f3mo se las gasta su ex aliada, puso tierra de por medio. Pero en la estructura de la Secretar\u00eda de Gobierno permanecieron sus tres alfiles, que siguieron operando cercanamente con el oriundo de Otatitl\u00e1n. Hasta esta semana. \u00bfQu\u00e9 fue lo que pas\u00f3?<\/span><\/p>\n<p><span style=\"font-size: 14pt;\">Roc\u00edo Nahle responsabiliza a Cisneros \u2013y por ende, a sus cercanos en el gobierno- de la filtraci\u00f3n de toda la documentaci\u00f3n que ha evidenciado la vida de lujos de la abanderada de la \u201causteridad republicana\u201d y sobre todo, exhibido p\u00fablicamente la incongruencia entre sus ingresos como servidora p\u00fablica y el aumento desorbitado de su patrimonio, demostrado con escrituras en mano.<\/span><\/p>\n<p><span style=\"font-size: 14pt;\">La paranoia se apoder\u00f3 de quienes juran que llevan una ventaja inalcanzable y que la elecci\u00f3n es mero tr\u00e1mite. Y a dos semanas de los comicios, iniciaron una purga en el gobierno estatal que podr\u00eda ir todav\u00eda m\u00e1s all\u00e1, mientras Cuitl\u00e1huac Garc\u00eda es un cero a la izquierda.<\/span><\/p>\n<p><span style=\"font-size: 14pt;\">No pod\u00eda esperarse otra cosa tampoco. El estilo zacatecano es bastante autoritario, de esa \u201cizquierda\u201d m\u00e1s bien estalinista que se asoma amenazante en Morena. Lo ha demostrado en m\u00e1s de una ocasi\u00f3n.<\/span><\/p>\n<p><span style=\"font-size: 14pt;\"><strong>Esquirol y mam\u00f3n<\/strong><\/span><\/p>\n<p><span style=\"font-size: 14pt;\">P\u00e9sima actitud la del candidato presidencial de Movimiento Ciudadano Jorge \u00c1lvarez Maynez en su visita a Xalapa.<\/span><\/p>\n<p><span style=\"font-size: 14pt;\">Con una actitud prepotente y altanera, \u00e9l y sus \u201coompa loompas\u201d maltrataron a los reporteros que ellos mismos convocaron a la universidad a la que acudi\u00f3 y que, como con cualquier candidato, buscaban una declaraci\u00f3n.<\/span><\/p>\n<p><span style=\"font-size: 14pt;\">Hasta en eso es igual a sus verdaderos patrones.<\/span><\/p>\n","protected":false},"excerpt":{"rendered":"<p>Por Aurelio Contreras Moreno La destituci\u00f3n fulminante de tres funcionarios del gobierno de Cuitl\u00e1huac Garc\u00eda Jim\u00e9nez fue una orden \u2013sin<\/p>\n","protected":false},"author":4,"featured_media":4397,"comment_status":"closed","ping_status":"closed","sticky":false,"template":"","format":"standard","meta":{"colormag_page_container_layout":"default_layout","colormag_page_sidebar_layout":"default_layout","_jetpack_memberships_contains_paid_content":false,"footnotes":"","jetpack_publicize_message":"","jetpack_publicize_feature_enabled":true,"jetpack_social_post_already_shared":false,"jetpack_social_options":{"image_generator_settings":{"template":"highway","default_image_id":0,"font":"","enabled":false},"version":2}},"categories":[26],"tags":[],"class_list":["post-37614","post","type-post","status-publish","format-standard","has-post-thumbnail","hentry","category-columnistas"],"jetpack_publicize_connections":[],"jetpack_featured_media_url":"https:\/\/i0.wp.com\/politicosaldesnudo.com.mx\/wp-content\/uploads\/2022\/04\/AURELIO-CONTRERAS-MORENO-1.png?fit=1816%2C1016&ssl=1","jetpack-related-posts":[],"jetpack_sharing_enabled":true,"_links":{"self":[{"href":"https:\/\/politicosaldesnudo.com.mx\/index.php\/wp-json\/wp\/v2\/posts\/37614","targetHints":{"allow":["GET"]}}],"collection":[{"href":"https:\/\/politicosaldesnudo.com.mx\/index.php\/wp-json\/wp\/v2\/posts"}],"about":[{"href":"https:\/\/politicosaldesnudo.com.mx\/index.php\/wp-json\/wp\/v2\/types\/post"}],"author":[{"embeddable":true,"href":"https:\/\/politicosaldesnudo.com.mx\/index.php\/wp-json\/wp\/v2\/users\/4"}],"replies":[{"embeddable":true,"href":"https:\/\/politicosaldesnudo.com.mx\/index.php\/wp-json\/wp\/v2\/comments?post=37614"}],"version-history":[{"count":0,"href":"https:\/\/politicosaldesnudo.com.mx\/index.php\/wp-json\/wp\/v2\/posts\/37614\/revisions"}],"wp:featuredmedia":[{"embeddable":true,"href":"https:\/\/politicosaldesnudo.com.mx\/index.php\/wp-json\/wp\/v2\/media\/4397"}],"wp:attachment":[{"href":"https:\/\/politicosaldesnudo.com.mx\/index.php\/wp-json\/wp\/v2\/media?parent=37614"}],"wp:term":[{"taxonomy":"category","embeddable":true,"href":"https:\/\/politicosaldesnudo.com.mx\/index.php\/wp-json\/wp\/v2\/categories?post=37614"},{"taxonomy":"post_tag","embeddable":true,"href":"https:\/\/politicosaldesnudo.com.mx\/index.php\/wp-json\/wp\/v2\/tags?post=37614"}],"curies":[{"name":"wp","href":"https:\/\/api.w.org\/{rel}","templated":true}]}}