{"id":37664,"date":"2024-05-16T02:08:37","date_gmt":"2024-05-16T07:08:37","guid":{"rendered":"https:\/\/politicosaldesnudo.com.mx\/?p=37664"},"modified":"2024-05-16T02:08:37","modified_gmt":"2024-05-16T07:08:37","slug":"secuestros-en-mexico-bajaron-68-durante-el-mes-de-abril-isabel-miranda","status":"publish","type":"post","link":"https:\/\/politicosaldesnudo.com.mx\/index.php\/2024\/05\/16\/secuestros-en-mexico-bajaron-68-durante-el-mes-de-abril-isabel-miranda\/","title":{"rendered":"Secuestros en M\u00e9xico bajaron 68% durante el mes de abril: Isabel Miranda"},"content":{"rendered":"<div class=\"content-body clearfix \">\n<div id=\"content-body-225-11922711\">\n<p><span style=\"font-size: 14pt;\">La presidenta de la organizaci\u00f3n civil Alto al Secuestro, Isabel Miranda anunci\u00f3 que<b>\u00a0las cifras de plagio en abril registraron una disminuci\u00f3n del 68.7 por ciento respecto a marzo, con 163 v\u00edctimas,<\/b>\u00a0mientras que en marzo 2024 fueron 522.<\/span><\/p>\n<p><span style=\"font-size: 14pt;\">En su informe mensual la activista sostuvo que durante el sexenio del presidente Andr\u00e9s Manuel L\u00f3pez Obrador\u00a0<b>se tiene un registro de 6 mil 442 secuestros acumulados,\u00a0<\/b>un 12.8% m\u00e1s que los que se dieron durante el sexenio de Felipe Calder\u00f3n.<\/span><\/p>\n<\/div>\n<\/div>\n<div class=\"advertisment \">\n<div id=\"dfp-nota-1x3s\" data-google-query-id=\"CLKn1vLNkYYDFTKqAAAdX_sMJA\">\n<div id=\"google_ads_iframe_\/2000002\/la-prensa\/mexico_nota_1x3_0__container__\"><span style=\"font-size: 14pt;\">De acuerdo a la ONG <b>se abrieron 88 carpetas de investigaci\u00f3n y se reportaron 43 secuestros masivos.<\/b>\u00a0Igualmente fustig\u00f3 que las autoridades pongan muchos par\u00e1metros para tipificar el delito de secuestro.<\/span><\/div>\n<\/div>\n<\/div>\n<article class=\"content-continued-body clearfix \">\n<div id=\"content-body-5851641-11922711\">\n<p><span style=\"font-size: 14pt;\">Isabel Miranda detall\u00f3 que en el mes de abril 2024<b>\u00a0hay registro de 88 secuestros, en comparaci\u00f3n con los 85 del pasado mes de marzo,<\/b>\u00a0donde hubo 522 v\u00edctimas.<\/span><\/p>\n<p><span style=\"font-size: 14pt;\">El reporte se\u00f1ala la disminuci\u00f3n de 58.9% en el n\u00famero de detenidos relacionados al delito de secuestro, debido a que en abril 2024 fueron detenidas 89 personas por la comisi\u00f3n este delito mientras que en marzo fueron detenidos 56 presuntos responsables.<\/span><\/p>\n<p><span style=\"font-size: 14pt;\">Explic\u00f3 que si se excluyen los secuestros de migrantes ocurridos tanto en el mes de marzo como en el mes de abril: Incrementar\u00eda 7.5% el n\u00famero de eventos de secuestro.<\/span><\/p>\n<p><span style=\"font-size: 14pt;\">Disminuir\u00eda 45.3% el n\u00famero de v\u00edctimas de secuestro.<\/span><\/p>\n<p><span style=\"font-size: 14pt;\">Los Estados con mayor incidencia en abril 2024: 1. Chihuahua (10 secuestros), 2. Veracruz (8 secuestros), 3. Chiapas (6 secuestros), 4. Ciudad de M\u00e9xico, Nuevo Le\u00f3n y Quintana Roo (5 secuestros)<\/span><\/p>\n<h2><span style=\"font-size: 14pt;\"><b>Los Estados que reportaron cero secuestros:<\/b><\/span><\/h2>\n<ul>\n<li><span style=\"font-size: 14pt;\">Coahuila<\/span><\/li>\n<li><span style=\"font-size: 14pt;\">Durango<\/span><\/li>\n<li><span style=\"font-size: 14pt;\">Quer\u00e9taro<\/span><\/li>\n<li><span style=\"font-size: 14pt;\">San Luis Potos\u00ed<\/span><\/li>\n<li><span style=\"font-size: 14pt;\">Tlaxcala<\/span><\/li>\n<li><span style=\"font-size: 14pt;\">Yucat\u00e1n<\/span><\/li>\n<\/ul>\n<p><span style=\"font-size: 14pt;\"><b>Migrantes<\/b><\/span><\/p>\n<p><span style=\"font-size: 14pt;\">3 secuestros con 21 v\u00edctimas, ocurridos en Chihuahua (2) e Hidalgo (1)<\/span><\/p>\n<p><span style=\"font-size: 14pt;\"><b>Secuestros<\/b><\/span><\/p>\n<p><span style=\"font-size: 14pt;\">7 secuestros con 43 v\u00edctimas, ocurridos en Chiapas, Chihuahua, Jalisco, Nuevo Le\u00f3n, Sinaloa y Veracruz.<\/span><\/p>\n<\/div>\n<\/article>\n","protected":false},"excerpt":{"rendered":"<p>La presidenta de la organizaci\u00f3n civil Alto al Secuestro, Isabel Miranda anunci\u00f3 que\u00a0las cifras de plagio en abril registraron una [&hellip;]<\/p>\n","protected":false},"author":4,"featured_media":37665,"comment_status":"closed","ping_status":"closed","sticky":false,"template":"","format":"standard","meta":{"site-sidebar-layout":"default","site-content-layout":"","ast-site-content-layout":"default","site-content-style":"default","site-sidebar-style":"default","ast-global-header-display":"","ast-banner-title-visibility":"","ast-main-header-display":"","ast-hfb-above-header-display":"","ast-hfb-below-header-display":"","ast-hfb-mobile-header-display":"","site-post-title":"","ast-breadcrumbs-content":"","ast-featured-img":"","footer-sml-layout":"","ast-disable-related-posts":"","theme-transparent-header-meta":"","adv-header-id-meta":"","stick-header-meta":"","header-above-stick-meta":"","header-main-stick-meta":"","header-below-stick-meta":"","astra-migrate-meta-layouts":"default","ast-page-background-enabled":"default","ast-page-background-meta":{"desktop":{"background-color":"var(--ast-global-color-5)","background-image":"","background-repeat":"repeat","background-position":"center center","background-size":"auto","background-attachment":"scroll","background-type":"","background-media":"","overlay-type":"","overlay-color":"","overlay-opacity":"","overlay-gradient":""},"tablet":{"background-color":"","background-image":"","background-repeat":"repeat","background-position":"center center","background-size":"auto","background-attachment":"scroll","background-type":"","background-media":"","overlay-type":"","overlay-color":"","overlay-opacity":"","overlay-gradient":""},"mobile":{"background-color":"","background-image":"","background-repeat":"repeat","background-position":"center center","background-size":"auto","background-attachment":"scroll","background-type":"","background-media":"","overlay-type":"","overlay-color":"","overlay-opacity":"","overlay-gradient":""}},"ast-content-background-meta":{"desktop":{"background-color":"var(--ast-global-color-4)","background-image":"","background-repeat":"repeat","background-position":"center center","background-size":"auto","background-attachment":"scroll","background-type":"","background-media":"","overlay-type":"","overlay-color":"","overlay-opacity":"","overlay-gradient":""},"tablet":{"background-color":"var(--ast-global-color-4)","background-image":"","background-repeat":"repeat","background-position":"center center","background-size":"auto","background-attachment":"scroll","background-type":"","background-media":"","overlay-type":"","overlay-color":"","overlay-opacity":"","overlay-gradient":""},"mobile":{"background-color":"var(--ast-global-color-4)","background-image":"","background-repeat":"repeat","background-position":"center center","background-size":"auto","background-attachment":"scroll","background-type":"","background-media":"","overlay-type":"","overlay-color":"","overlay-opacity":"","overlay-gradient":""}},"_jetpack_newsletter_access":"","_jetpack_dont_email_post_to_subs":false,"_jetpack_newsletter_tier_id":0,"_jetpack_memberships_contains_paywalled_content":false,"_jetpack_feature_clip_id":0,"_jetpack_memberships_contains_paid_content":false,"footnotes":"","jetpack_publicize_message":"","jetpack_publicize_feature_enabled":true,"jetpack_social_post_already_shared":false,"jetpack_social_options":{"image_generator_settings":{"template":"highway","default_image_id":0,"font":"","enabled":false},"version":2},"jetpack_post_was_ever_published":false},"categories":[33],"tags":[2345],"class_list":["post-37664","post","type-post","status-publish","format-standard","has-post-thumbnail","hentry","category-nacional","tag-secuestro"],"yoast_head":"<!-- This site is optimized with the Yoast SEO plugin v28.3 - https:\/\/yoast.com\/product\/yoast-seo-wordpress\/ -->\n<title>Secuestros en M\u00e9xico bajaron 68% durante el mes de abril: Isabel Miranda - Pol\u00edticos al Desnudo<\/title>\n<meta name=\"robots\" content=\"index, follow, max-snippet:-1, max-image-preview:large, max-video-preview:-1\" \/>\n<link rel=\"canonical\" href=\"https:\/\/politicosaldesnudo.com.mx\/index.php\/2024\/05\/16\/secuestros-en-mexico-bajaron-68-durante-el-mes-de-abril-isabel-miranda\/\" \/>\n<meta property=\"og:locale\" content=\"es_ES\" \/>\n<meta property=\"og:type\" content=\"article\" \/>\n<meta property=\"og:title\" content=\"Secuestros en M\u00e9xico bajaron 68% durante el mes de abril: Isabel Miranda - Pol\u00edticos al Desnudo\" \/>\n<meta property=\"og:description\" content=\"La presidenta de la organizaci\u00f3n civil Alto al Secuestro, Isabel Miranda anunci\u00f3 que\u00a0las cifras de plagio en abril registraron una [&hellip;]\" \/>\n<meta property=\"og:url\" content=\"https:\/\/politicosaldesnudo.com.mx\/index.php\/2024\/05\/16\/secuestros-en-mexico-bajaron-68-durante-el-mes-de-abril-isabel-miranda\/\" \/>\n<meta property=\"og:site_name\" content=\"Pol\u00edticos al Desnudo\" \/>\n<meta property=\"article:publisher\" content=\"https:\/\/www.facebook.com\/PoliticosAD\" \/>\n<meta property=\"article:published_time\" content=\"2024-05-16T07:08:37+00:00\" \/>\n<meta property=\"og:image\" content=\"https:\/\/i0.wp.com\/politicosaldesnudo.com.mx\/wp-content\/uploads\/2024\/05\/En-junio-se-registraron-mas-secuestros-en-el-Estado-de-Mexico_-Isabel-Miranda.jpg?fit=1140%2C712&ssl=1\" \/>\n\t<meta property=\"og:image:width\" content=\"1140\" \/>\n\t<meta property=\"og:image:height\" content=\"712\" \/>\n\t<meta property=\"og:image:type\" content=\"image\/jpeg\" \/>\n<meta name=\"author\" content=\"Redacci\u00f3n Pol\u00edticos\" \/>\n<meta name=\"twitter:card\" content=\"summary_large_image\" \/>\n<meta name=\"twitter:label1\" content=\"Escrito por\" \/>\n\t<meta name=\"twitter:data1\" content=\"Redacci\u00f3n Pol\u00edticos\" \/>\n\t<meta name=\"twitter:label2\" content=\"Tiempo de lectura\" \/>\n\t<meta name=\"twitter:data2\" content=\"1 minuto\" \/>\n<script type=\"application\/ld+json\" class=\"yoast-schema-graph\">{\"@context\":\"https:\\\/\\\/schema.org\",\"@graph\":[{\"@type\":\"Article\",\"@id\":\"https:\\\/\\\/politicosaldesnudo.com.mx\\\/index.php\\\/2024\\\/05\\\/16\\\/secuestros-en-mexico-bajaron-68-durante-el-mes-de-abril-isabel-miranda\\\/#article\",\"isPartOf\":{\"@id\":\"https:\\\/\\\/politicosaldesnudo.com.mx\\\/index.php\\\/2024\\\/05\\\/16\\\/secuestros-en-mexico-bajaron-68-durante-el-mes-de-abril-isabel-miranda\\\/\"},\"author\":{\"name\":\"Redacci\u00f3n Pol\u00edticos\",\"@id\":\"https:\\\/\\\/politicosaldesnudo.com.mx\\\/#\\\/schema\\\/person\\\/ef3a64e561cc3f3f5dc52fab81adde7e\"},\"headline\":\"Secuestros en M\u00e9xico bajaron 68% durante el mes de abril: Isabel Miranda\",\"datePublished\":\"2024-05-16T07:08:37+00:00\",\"mainEntityOfPage\":{\"@id\":\"https:\\\/\\\/politicosaldesnudo.com.mx\\\/index.php\\\/2024\\\/05\\\/16\\\/secuestros-en-mexico-bajaron-68-durante-el-mes-de-abril-isabel-miranda\\\/\"},\"wordCount\":298,\"publisher\":{\"@id\":\"https:\\\/\\\/politicosaldesnudo.com.mx\\\/#organization\"},\"image\":{\"@id\":\"https:\\\/\\\/politicosaldesnudo.com.mx\\\/index.php\\\/2024\\\/05\\\/16\\\/secuestros-en-mexico-bajaron-68-durante-el-mes-de-abril-isabel-miranda\\\/#primaryimage\"},\"thumbnailUrl\":\"https:\\\/\\\/i0.wp.com\\\/politicosaldesnudo.com.mx\\\/wp-content\\\/uploads\\\/2024\\\/05\\\/En-junio-se-registraron-mas-secuestros-en-el-Estado-de-Mexico_-Isabel-Miranda.jpg?fit=1140%2C712&ssl=1\",\"keywords\":[\"SECUESTRO\"],\"articleSection\":[\"NACIONAL\"],\"inLanguage\":\"es\"},{\"@type\":\"WebPage\",\"@id\":\"https:\\\/\\\/politicosaldesnudo.com.mx\\\/index.php\\\/2024\\\/05\\\/16\\\/secuestros-en-mexico-bajaron-68-durante-el-mes-de-abril-isabel-miranda\\\/\",\"url\":\"https:\\\/\\\/politicosaldesnudo.com.mx\\\/index.php\\\/2024\\\/05\\\/16\\\/secuestros-en-mexico-bajaron-68-durante-el-mes-de-abril-isabel-miranda\\\/\",\"name\":\"Secuestros en M\u00e9xico bajaron 68% durante el mes de abril: Isabel Miranda - Pol\u00edticos al Desnudo\",\"isPartOf\":{\"@id\":\"https:\\\/\\\/politicosaldesnudo.com.mx\\\/#website\"},\"primaryImageOfPage\":{\"@id\":\"https:\\\/\\\/politicosaldesnudo.com.mx\\\/index.php\\\/2024\\\/05\\\/16\\\/secuestros-en-mexico-bajaron-68-durante-el-mes-de-abril-isabel-miranda\\\/#primaryimage\"},\"image\":{\"@id\":\"https:\\\/\\\/politicosaldesnudo.com.mx\\\/index.php\\\/2024\\\/05\\\/16\\\/secuestros-en-mexico-bajaron-68-durante-el-mes-de-abril-isabel-miranda\\\/#primaryimage\"},\"thumbnailUrl\":\"https:\\\/\\\/i0.wp.com\\\/politicosaldesnudo.com.mx\\\/wp-content\\\/uploads\\\/2024\\\/05\\\/En-junio-se-registraron-mas-secuestros-en-el-Estado-de-Mexico_-Isabel-Miranda.jpg?fit=1140%2C712&ssl=1\",\"datePublished\":\"2024-05-16T07:08:37+00:00\",\"breadcrumb\":{\"@id\":\"https:\\\/\\\/politicosaldesnudo.com.mx\\\/index.php\\\/2024\\\/05\\\/16\\\/secuestros-en-mexico-bajaron-68-durante-el-mes-de-abril-isabel-miranda\\\/#breadcrumb\"},\"inLanguage\":\"es\",\"potentialAction\":[{\"@type\":\"ReadAction\",\"target\":[\"https:\\\/\\\/politicosaldesnudo.com.mx\\\/index.php\\\/2024\\\/05\\\/16\\\/secuestros-en-mexico-bajaron-68-durante-el-mes-de-abril-isabel-miranda\\\/\"]}]},{\"@type\":\"ImageObject\",\"inLanguage\":\"es\",\"@id\":\"https:\\\/\\\/politicosaldesnudo.com.mx\\\/index.php\\\/2024\\\/05\\\/16\\\/secuestros-en-mexico-bajaron-68-durante-el-mes-de-abril-isabel-miranda\\\/#primaryimage\",\"url\":\"https:\\\/\\\/i0.wp.com\\\/politicosaldesnudo.com.mx\\\/wp-content\\\/uploads\\\/2024\\\/05\\\/En-junio-se-registraron-mas-secuestros-en-el-Estado-de-Mexico_-Isabel-Miranda.jpg?fit=1140%2C712&ssl=1\",\"contentUrl\":\"https:\\\/\\\/i0.wp.com\\\/politicosaldesnudo.com.mx\\\/wp-content\\\/uploads\\\/2024\\\/05\\\/En-junio-se-registraron-mas-secuestros-en-el-Estado-de-Mexico_-Isabel-Miranda.jpg?fit=1140%2C712&ssl=1\",\"width\":1140,\"height\":712},{\"@type\":\"BreadcrumbList\",\"@id\":\"https:\\\/\\\/politicosaldesnudo.com.mx\\\/index.php\\\/2024\\\/05\\\/16\\\/secuestros-en-mexico-bajaron-68-durante-el-mes-de-abril-isabel-miranda\\\/#breadcrumb\",\"itemListElement\":[{\"@type\":\"ListItem\",\"position\":1,\"name\":\"Portada\",\"item\":\"https:\\\/\\\/politicosaldesnudo.com.mx\\\/\"},{\"@type\":\"ListItem\",\"position\":2,\"name\":\"Secuestros en M\u00e9xico bajaron 68% durante el mes de abril: Isabel Miranda\"}]},{\"@type\":\"WebSite\",\"@id\":\"https:\\\/\\\/politicosaldesnudo.com.mx\\\/#website\",\"url\":\"https:\\\/\\\/politicosaldesnudo.com.mx\\\/\",\"name\":\"Pol\u00edticos al Desnudo\",\"description\":\"\",\"publisher\":{\"@id\":\"https:\\\/\\\/politicosaldesnudo.com.mx\\\/#organization\"},\"potentialAction\":[{\"@type\":\"SearchAction\",\"target\":{\"@type\":\"EntryPoint\",\"urlTemplate\":\"https:\\\/\\\/politicosaldesnudo.com.mx\\\/?s={search_term_string}\"},\"query-input\":{\"@type\":\"PropertyValueSpecification\",\"valueRequired\":true,\"valueName\":\"search_term_string\"}}],\"inLanguage\":\"es\"},{\"@type\":\"Organization\",\"@id\":\"https:\\\/\\\/politicosaldesnudo.com.mx\\\/#organization\",\"name\":\"Pol\u00edticos al Desnudo\",\"url\":\"https:\\\/\\\/politicosaldesnudo.com.mx\\\/\",\"logo\":{\"@type\":\"ImageObject\",\"inLanguage\":\"es\",\"@id\":\"https:\\\/\\\/politicosaldesnudo.com.mx\\\/#\\\/schema\\\/logo\\\/image\\\/\",\"url\":\"https:\\\/\\\/i0.wp.com\\\/politicosaldesnudo.com.mx\\\/wp-content\\\/uploads\\\/2026\\\/08\\\/cropped-logo.webp?fit=400%2C126&ssl=1\",\"contentUrl\":\"https:\\\/\\\/i0.wp.com\\\/politicosaldesnudo.com.mx\\\/wp-content\\\/uploads\\\/2026\\\/08\\\/cropped-logo.webp?fit=400%2C126&ssl=1\",\"width\":400,\"height\":126,\"caption\":\"Pol\u00edticos al Desnudo\"},\"image\":{\"@id\":\"https:\\\/\\\/politicosaldesnudo.com.mx\\\/#\\\/schema\\\/logo\\\/image\\\/\"},\"sameAs\":[\"https:\\\/\\\/www.facebook.com\\\/PoliticosAD\"]},{\"@type\":\"Person\",\"@id\":\"https:\\\/\\\/politicosaldesnudo.com.mx\\\/#\\\/schema\\\/person\\\/ef3a64e561cc3f3f5dc52fab81adde7e\",\"name\":\"Redacci\u00f3n Pol\u00edticos\",\"url\":\"https:\\\/\\\/politicosaldesnudo.com.mx\\\/index.php\\\/author\\\/redaccion-politicos\\\/\"}]}<\/script>\n<!-- \/ Yoast SEO plugin. -->","yoast_head_json":{"title":"Secuestros en M\u00e9xico bajaron 68% durante el mes de abril: Isabel Miranda - Pol\u00edticos al Desnudo","robots":{"index":"index","follow":"follow","max-snippet":"max-snippet:-1","max-image-preview":"max-image-preview:large","max-video-preview":"max-video-preview:-1"},"canonical":"https:\/\/politicosaldesnudo.com.mx\/index.php\/2024\/05\/16\/secuestros-en-mexico-bajaron-68-durante-el-mes-de-abril-isabel-miranda\/","og_locale":"es_ES","og_type":"article","og_title":"Secuestros en M\u00e9xico bajaron 68% durante el mes de abril: Isabel Miranda - Pol\u00edticos al Desnudo","og_description":"La presidenta de la organizaci\u00f3n civil Alto al Secuestro, Isabel Miranda anunci\u00f3 que\u00a0las cifras de plagio en abril registraron una [&hellip;]","og_url":"https:\/\/politicosaldesnudo.com.mx\/index.php\/2024\/05\/16\/secuestros-en-mexico-bajaron-68-durante-el-mes-de-abril-isabel-miranda\/","og_site_name":"Pol\u00edticos al Desnudo","article_publisher":"https:\/\/www.facebook.com\/PoliticosAD","article_published_time":"2024-05-16T07:08:37+00:00","og_image":[{"width":1140,"height":712,"url":"https:\/\/i0.wp.com\/politicosaldesnudo.com.mx\/wp-content\/uploads\/2024\/05\/En-junio-se-registraron-mas-secuestros-en-el-Estado-de-Mexico_-Isabel-Miranda.jpg?fit=1140%2C712&ssl=1","type":"image\/jpeg"}],"author":"Redacci\u00f3n Pol\u00edticos","twitter_card":"summary_large_image","twitter_misc":{"Escrito por":"Redacci\u00f3n Pol\u00edticos","Tiempo de lectura":"1 minuto"},"schema":{"@context":"https:\/\/schema.org","@graph":[{"@type":"Article","@id":"https:\/\/politicosaldesnudo.com.mx\/index.php\/2024\/05\/16\/secuestros-en-mexico-bajaron-68-durante-el-mes-de-abril-isabel-miranda\/#article","isPartOf":{"@id":"https:\/\/politicosaldesnudo.com.mx\/index.php\/2024\/05\/16\/secuestros-en-mexico-bajaron-68-durante-el-mes-de-abril-isabel-miranda\/"},"author":{"name":"Redacci\u00f3n Pol\u00edticos","@id":"https:\/\/politicosaldesnudo.com.mx\/#\/schema\/person\/ef3a64e561cc3f3f5dc52fab81adde7e"},"headline":"Secuestros en M\u00e9xico bajaron 68% durante el mes de abril: Isabel Miranda","datePublished":"2024-05-16T07:08:37+00:00","mainEntityOfPage":{"@id":"https:\/\/politicosaldesnudo.com.mx\/index.php\/2024\/05\/16\/secuestros-en-mexico-bajaron-68-durante-el-mes-de-abril-isabel-miranda\/"},"wordCount":298,"publisher":{"@id":"https:\/\/politicosaldesnudo.com.mx\/#organization"},"image":{"@id":"https:\/\/politicosaldesnudo.com.mx\/index.php\/2024\/05\/16\/secuestros-en-mexico-bajaron-68-durante-el-mes-de-abril-isabel-miranda\/#primaryimage"},"thumbnailUrl":"https:\/\/i0.wp.com\/politicosaldesnudo.com.mx\/wp-content\/uploads\/2024\/05\/En-junio-se-registraron-mas-secuestros-en-el-Estado-de-Mexico_-Isabel-Miranda.jpg?fit=1140%2C712&ssl=1","keywords":["SECUESTRO"],"articleSection":["NACIONAL"],"inLanguage":"es"},{"@type":"WebPage","@id":"https:\/\/politicosaldesnudo.com.mx\/index.php\/2024\/05\/16\/secuestros-en-mexico-bajaron-68-durante-el-mes-de-abril-isabel-miranda\/","url":"https:\/\/politicosaldesnudo.com.mx\/index.php\/2024\/05\/16\/secuestros-en-mexico-bajaron-68-durante-el-mes-de-abril-isabel-miranda\/","name":"Secuestros en M\u00e9xico bajaron 68% durante el mes de abril: Isabel Miranda - Pol\u00edticos al Desnudo","isPartOf":{"@id":"https:\/\/politicosaldesnudo.com.mx\/#website"},"primaryImageOfPage":{"@id":"https:\/\/politicosaldesnudo.com.mx\/index.php\/2024\/05\/16\/secuestros-en-mexico-bajaron-68-durante-el-mes-de-abril-isabel-miranda\/#primaryimage"},"image":{"@id":"https:\/\/politicosaldesnudo.com.mx\/index.php\/2024\/05\/16\/secuestros-en-mexico-bajaron-68-durante-el-mes-de-abril-isabel-miranda\/#primaryimage"},"thumbnailUrl":"https:\/\/i0.wp.com\/politicosaldesnudo.com.mx\/wp-content\/uploads\/2024\/05\/En-junio-se-registraron-mas-secuestros-en-el-Estado-de-Mexico_-Isabel-Miranda.jpg?fit=1140%2C712&ssl=1","datePublished":"2024-05-16T07:08:37+00:00","breadcrumb":{"@id":"https:\/\/politicosaldesnudo.com.mx\/index.php\/2024\/05\/16\/secuestros-en-mexico-bajaron-68-durante-el-mes-de-abril-isabel-miranda\/#breadcrumb"},"inLanguage":"es","potentialAction":[{"@type":"ReadAction","target":["https:\/\/politicosaldesnudo.com.mx\/index.php\/2024\/05\/16\/secuestros-en-mexico-bajaron-68-durante-el-mes-de-abril-isabel-miranda\/"]}]},{"@type":"ImageObject","inLanguage":"es","@id":"https:\/\/politicosaldesnudo.com.mx\/index.php\/2024\/05\/16\/secuestros-en-mexico-bajaron-68-durante-el-mes-de-abril-isabel-miranda\/#primaryimage","url":"https:\/\/i0.wp.com\/politicosaldesnudo.com.mx\/wp-content\/uploads\/2024\/05\/En-junio-se-registraron-mas-secuestros-en-el-Estado-de-Mexico_-Isabel-Miranda.jpg?fit=1140%2C712&ssl=1","contentUrl":"https:\/\/i0.wp.com\/politicosaldesnudo.com.mx\/wp-content\/uploads\/2024\/05\/En-junio-se-registraron-mas-secuestros-en-el-Estado-de-Mexico_-Isabel-Miranda.jpg?fit=1140%2C712&ssl=1","width":1140,"height":712},{"@type":"BreadcrumbList","@id":"https:\/\/politicosaldesnudo.com.mx\/index.php\/2024\/05\/16\/secuestros-en-mexico-bajaron-68-durante-el-mes-de-abril-isabel-miranda\/#breadcrumb","itemListElement":[{"@type":"ListItem","position":1,"name":"Portada","item":"https:\/\/politicosaldesnudo.com.mx\/"},{"@type":"ListItem","position":2,"name":"Secuestros en M\u00e9xico bajaron 68% durante el mes de abril: Isabel Miranda"}]},{"@type":"WebSite","@id":"https:\/\/politicosaldesnudo.com.mx\/#website","url":"https:\/\/politicosaldesnudo.com.mx\/","name":"Pol\u00edticos al Desnudo","description":"","publisher":{"@id":"https:\/\/politicosaldesnudo.com.mx\/#organization"},"potentialAction":[{"@type":"SearchAction","target":{"@type":"EntryPoint","urlTemplate":"https:\/\/politicosaldesnudo.com.mx\/?s={search_term_string}"},"query-input":{"@type":"PropertyValueSpecification","valueRequired":true,"valueName":"search_term_string"}}],"inLanguage":"es"},{"@type":"Organization","@id":"https:\/\/politicosaldesnudo.com.mx\/#organization","name":"Pol\u00edticos al Desnudo","url":"https:\/\/politicosaldesnudo.com.mx\/","logo":{"@type":"ImageObject","inLanguage":"es","@id":"https:\/\/politicosaldesnudo.com.mx\/#\/schema\/logo\/image\/","url":"https:\/\/i0.wp.com\/politicosaldesnudo.com.mx\/wp-content\/uploads\/2026\/08\/cropped-logo.webp?fit=400%2C126&ssl=1","contentUrl":"https:\/\/i0.wp.com\/politicosaldesnudo.com.mx\/wp-content\/uploads\/2026\/08\/cropped-logo.webp?fit=400%2C126&ssl=1","width":400,"height":126,"caption":"Pol\u00edticos al Desnudo"},"image":{"@id":"https:\/\/politicosaldesnudo.com.mx\/#\/schema\/logo\/image\/"},"sameAs":["https:\/\/www.facebook.com\/PoliticosAD"]},{"@type":"Person","@id":"https:\/\/politicosaldesnudo.com.mx\/#\/schema\/person\/ef3a64e561cc3f3f5dc52fab81adde7e","name":"Redacci\u00f3n Pol\u00edticos","url":"https:\/\/politicosaldesnudo.com.mx\/index.php\/author\/redaccion-politicos\/"}]}},"jetpack_publicize_connections":[],"jetpack-related-posts":[{"id":88060,"url":"https:\/\/politicosaldesnudo.com.mx\/index.php\/2026\/08\/25\/hallan-con-vida-al-reportero-eli-martinez-tras-12-horas-de-secuestro-y-un-ataque-armado-en-poza-rica\/","url_meta":{"origin":37664,"position":0},"title":"Hallan con vida al reportero El\u00ed Mart\u00ednez tras 12 horas de secuestro y un ataque armado en Poza Rica","author":"Redacci\u00f3n Pol\u00edticos","date":"25 de agosto de 2026","format":false,"excerpt":"El reporero veracruzano El\u00ed Mart\u00ednez fue localizado con vida despu\u00e9s de permanecer aproximadamente 12 horas privado de la libertad, tras ser interceptado por hombres armados en Poza Rica. El comunicador, especializado en la cobertura de hechos policiacos, qued\u00f3 bajo resguardo de elementos de la Polic\u00eda Ministerial y fue trasladado ante\u2026","rel":"","context":"En \u00abESTADOS\u00bb","block_context":{"text":"ESTADOS","link":"https:\/\/politicosaldesnudo.com.mx\/index.php\/category\/estados\/"},"img":{"alt_text":"","src":"https:\/\/i0.wp.com\/politicosaldesnudo.com.mx\/wp-content\/uploads\/2026\/08\/eli.jpg?fit=1200%2C675&ssl=1&resize=350%2C200","width":350,"height":200,"srcset":"https:\/\/i0.wp.com\/politicosaldesnudo.com.mx\/wp-content\/uploads\/2026\/08\/eli.jpg?fit=1200%2C675&ssl=1&resize=350%2C200 1x, https:\/\/i0.wp.com\/politicosaldesnudo.com.mx\/wp-content\/uploads\/2026\/08\/eli.jpg?fit=1200%2C675&ssl=1&resize=525%2C300 1.5x, https:\/\/i0.wp.com\/politicosaldesnudo.com.mx\/wp-content\/uploads\/2026\/08\/eli.jpg?fit=1200%2C675&ssl=1&resize=700%2C400 2x, https:\/\/i0.wp.com\/politicosaldesnudo.com.mx\/wp-content\/uploads\/2026\/08\/eli.jpg?fit=1200%2C675&ssl=1&resize=1050%2C600 3x"},"classes":[]},{"id":88057,"url":"https:\/\/politicosaldesnudo.com.mx\/index.php\/2026\/08\/25\/canada-se-suma-a-la-alerta-por-mexicali-y-advierte-sobre-violencia-y-secuestros-en-mexico\/","url_meta":{"origin":37664,"position":1},"title":"Canad\u00e1 se suma a la alerta por Mexicali y advierte sobre violencia y secuestros en M\u00e9xico","author":"Redacci\u00f3n Pol\u00edticos","date":"25 de agosto de 2026","format":false,"excerpt":"El Gobierno de Canad\u00e1 actualiz\u00f3 sus recomendaciones de viaje para M\u00e9xico e incorpor\u00f3 la alerta de seguridad emitida por Estados Unidos ante una posible amenaza en Mexicali, Baja California. El aviso estadounidense orden\u00f3 suspender durante este 25 de agosto las actividades de su personal gubernamental y los viajes oficiales hacia\u2026","rel":"","context":"En \u00abINTERNACIONAL\u00bb","block_context":{"text":"INTERNACIONAL","link":"https:\/\/politicosaldesnudo.com.mx\/index.php\/category\/internacional\/"},"img":{"alt_text":"","src":"https:\/\/i0.wp.com\/politicosaldesnudo.com.mx\/wp-content\/uploads\/2026\/08\/mapa-alerta.png?fit=1200%2C675&ssl=1&resize=350%2C200","width":350,"height":200,"srcset":"https:\/\/i0.wp.com\/politicosaldesnudo.com.mx\/wp-content\/uploads\/2026\/08\/mapa-alerta.png?fit=1200%2C675&ssl=1&resize=350%2C200 1x, https:\/\/i0.wp.com\/politicosaldesnudo.com.mx\/wp-content\/uploads\/2026\/08\/mapa-alerta.png?fit=1200%2C675&ssl=1&resize=525%2C300 1.5x, https:\/\/i0.wp.com\/politicosaldesnudo.com.mx\/wp-content\/uploads\/2026\/08\/mapa-alerta.png?fit=1200%2C675&ssl=1&resize=700%2C400 2x, https:\/\/i0.wp.com\/politicosaldesnudo.com.mx\/wp-content\/uploads\/2026\/08\/mapa-alerta.png?fit=1200%2C675&ssl=1&resize=1050%2C600 3x"},"classes":[]},{"id":88067,"url":"https:\/\/politicosaldesnudo.com.mx\/index.php\/2026\/08\/26\/devorarse-a-si-mismos\/","url_meta":{"origin":37664,"position":2},"title":"Devorarse a s\u00ed mismos","author":"Redacci\u00f3n Pol\u00edticos","date":"26 de agosto de 2026","format":false,"excerpt":"R\u00fabrica Por Aurelio Contreras Moreno El sainete protagonizado por Rub\u00e9n Rocha Moya, quien regres\u00f3 a la gubernatura de Sinaloa despu\u00e9s de m\u00e1s de tres meses de licencia para volver a solicitarla apenas unas 34 horas despu\u00e9s, ser\u00eda un teatro meramente grotesco si no revelara algo mucho m\u00e1s grave: el grado\u2026","rel":"","context":"En \u00abOPINI\u00d3N\u00bb","block_context":{"text":"OPINI\u00d3N","link":"https:\/\/politicosaldesnudo.com.mx\/index.php\/category\/columnistas\/"},"img":{"alt_text":"","src":"https:\/\/i0.wp.com\/politicosaldesnudo.com.mx\/wp-content\/uploads\/2026\/08\/aurelio-2608.png?fit=1200%2C659&ssl=1&resize=350%2C200","width":350,"height":200,"srcset":"https:\/\/i0.wp.com\/politicosaldesnudo.com.mx\/wp-content\/uploads\/2026\/08\/aurelio-2608.png?fit=1200%2C659&ssl=1&resize=350%2C200 1x, https:\/\/i0.wp.com\/politicosaldesnudo.com.mx\/wp-content\/uploads\/2026\/08\/aurelio-2608.png?fit=1200%2C659&ssl=1&resize=525%2C300 1.5x, https:\/\/i0.wp.com\/politicosaldesnudo.com.mx\/wp-content\/uploads\/2026\/08\/aurelio-2608.png?fit=1200%2C659&ssl=1&resize=700%2C400 2x, https:\/\/i0.wp.com\/politicosaldesnudo.com.mx\/wp-content\/uploads\/2026\/08\/aurelio-2608.png?fit=1200%2C659&ssl=1&resize=1050%2C600 3x"},"classes":[]},{"id":88273,"url":"https:\/\/politicosaldesnudo.com.mx\/index.php\/2026\/09\/02\/es-decision-de-estados-unidos-sin-problema-nahle-responde-ante-alguna-posibilidad-del-retiro-de-su-visa\/","url_meta":{"origin":37664,"position":3},"title":"\u201cEs decisi\u00f3n de Estados Unidos, sin problema\u201d: Nahle responde ante alguna posibilidad del retiro de su visa","author":"Redacci\u00f3n Pol\u00edticos","date":"2 de septiembre de 2026","format":false,"excerpt":"La gobernadora Roc\u00edo Nahle asegur\u00f3 que una eventual cancelaci\u00f3n de su visa estadounidense no afectar\u00eda sus actividades ni representa una preocupaci\u00f3n personal, pues considera que Veracruz ofrece suficientes opciones para vacacionar sin salir del pa\u00eds. Durante una entrevista concedida a Los Reporteros MX, la mandataria confirm\u00f3 que actualmente cuenta con\u2026","rel":"","context":"En \u00abESTADOS\u00bb","block_context":{"text":"ESTADOS","link":"https:\/\/politicosaldesnudo.com.mx\/index.php\/category\/estados\/"},"img":{"alt_text":"","src":"https:\/\/i0.wp.com\/politicosaldesnudo.com.mx\/wp-content\/uploads\/2026\/09\/Baja-homicidio-doloso.jpeg?fit=1140%2C544&ssl=1&resize=350%2C200","width":350,"height":200,"srcset":"https:\/\/i0.wp.com\/politicosaldesnudo.com.mx\/wp-content\/uploads\/2026\/09\/Baja-homicidio-doloso.jpeg?fit=1140%2C544&ssl=1&resize=350%2C200 1x, https:\/\/i0.wp.com\/politicosaldesnudo.com.mx\/wp-content\/uploads\/2026\/09\/Baja-homicidio-doloso.jpeg?fit=1140%2C544&ssl=1&resize=525%2C300 1.5x, https:\/\/i0.wp.com\/politicosaldesnudo.com.mx\/wp-content\/uploads\/2026\/09\/Baja-homicidio-doloso.jpeg?fit=1140%2C544&ssl=1&resize=700%2C400 2x, https:\/\/i0.wp.com\/politicosaldesnudo.com.mx\/wp-content\/uploads\/2026\/09\/Baja-homicidio-doloso.jpeg?fit=1140%2C544&ssl=1&resize=1050%2C600 3x"},"classes":[]},{"id":87047,"url":"https:\/\/politicosaldesnudo.com.mx\/index.php\/2026\/07\/20\/las-mentiras-y-chantajes-armas-genocidas-de-trump\/","url_meta":{"origin":37664,"position":4},"title":"Las mentiras y chantajes, armas genocidas de Trump","author":"Redacci\u00f3n Pol\u00edticos","date":"20 de julio de 2026","format":false,"excerpt":"Las mentiras, repetidas mil veces se convierten en verdades para confundir y como v\u00edboras hambrientas se apoderan de los recursos naturales de las naciones, dando paso, de inmediato al chantaje amenazante y\u00a0 criminal\u00a0 e la aplicaci\u00f3n\u00a0 de aranceles , o bien de bloqueo comerciales \u00a0para sojuzgar a los pueblos y\u2026","rel":"","context":"En \u00abOPINI\u00d3N\u00bb","block_context":{"text":"OPINI\u00d3N","link":"https:\/\/politicosaldesnudo.com.mx\/index.php\/category\/columnistas\/"},"img":{"alt_text":"","src":"https:\/\/i0.wp.com\/politicosaldesnudo.com.mx\/wp-content\/uploads\/2026\/01\/BANNER-LIMA-COBOS.jpg?fit=533%2C297&ssl=1&resize=350%2C200","width":350,"height":200,"srcset":"https:\/\/i0.wp.com\/politicosaldesnudo.com.mx\/wp-content\/uploads\/2026\/01\/BANNER-LIMA-COBOS.jpg?fit=533%2C297&ssl=1&resize=350%2C200 1x, https:\/\/i0.wp.com\/politicosaldesnudo.com.mx\/wp-content\/uploads\/2026\/01\/BANNER-LIMA-COBOS.jpg?fit=533%2C297&ssl=1&resize=525%2C300 1.5x"},"classes":[]},{"id":88118,"url":"https:\/\/politicosaldesnudo.com.mx\/index.php\/2026\/08\/27\/cateo-en-tuxpan-aseguran-negocio-investigado-por-presunta-extorsion-a-avicultores\/","url_meta":{"origin":37664,"position":5},"title":"Cateo en Tuxpan: aseguran negocio investigado por presunta extorsi\u00f3n a avicultores","author":"Redacci\u00f3n Pol\u00edticos","date":"27 de agosto de 2026","format":false,"excerpt":"Un establecimiento comercial de la colonia An\u00e1huac, en Tuxpan, qued\u00f3 bajo resguardo de las autoridades tras un operativo relacionado con una investigaci\u00f3n por posibles extorsiones contra integrantes del sector av\u00edcola. La diligencia fue realizada por agentes de la Unidad Especializada en Combate al Secuestro y la Extorsi\u00f3n (UECS), quienes contaron\u2026","rel":"","context":"En \u00abESTADOS\u00bb","block_context":{"text":"ESTADOS","link":"https:\/\/politicosaldesnudo.com.mx\/index.php\/category\/estados\/"},"img":{"alt_text":"","src":"https:\/\/i0.wp.com\/politicosaldesnudo.com.mx\/wp-content\/uploads\/2026\/08\/avc-tuxpan-horizontal.png?fit=1200%2C675&ssl=1&resize=350%2C200","width":350,"height":200,"srcset":"https:\/\/i0.wp.com\/politicosaldesnudo.com.mx\/wp-content\/uploads\/2026\/08\/avc-tuxpan-horizontal.png?fit=1200%2C675&ssl=1&resize=350%2C200 1x, https:\/\/i0.wp.com\/politicosaldesnudo.com.mx\/wp-content\/uploads\/2026\/08\/avc-tuxpan-horizontal.png?fit=1200%2C675&ssl=1&resize=525%2C300 1.5x, https:\/\/i0.wp.com\/politicosaldesnudo.com.mx\/wp-content\/uploads\/2026\/08\/avc-tuxpan-horizontal.png?fit=1200%2C675&ssl=1&resize=700%2C400 2x, https:\/\/i0.wp.com\/politicosaldesnudo.com.mx\/wp-content\/uploads\/2026\/08\/avc-tuxpan-horizontal.png?fit=1200%2C675&ssl=1&resize=1050%2C600 3x"},"classes":[]}],"jetpack_sharing_enabled":true,"jetpack_featured_media_url":"https:\/\/i0.wp.com\/politicosaldesnudo.com.mx\/wp-content\/uploads\/2024\/05\/En-junio-se-registraron-mas-secuestros-en-el-Estado-de-Mexico_-Isabel-Miranda.jpg?fit=1140%2C712&ssl=1","_links":{"self":[{"href":"https:\/\/politicosaldesnudo.com.mx\/index.php\/wp-json\/wp\/v2\/posts\/37664","targetHints":{"allow":["GET"]}}],"collection":[{"href":"https:\/\/politicosaldesnudo.com.mx\/index.php\/wp-json\/wp\/v2\/posts"}],"about":[{"href":"https:\/\/politicosaldesnudo.com.mx\/index.php\/wp-json\/wp\/v2\/types\/post"}],"author":[{"embeddable":true,"href":"https:\/\/politicosaldesnudo.com.mx\/index.php\/wp-json\/wp\/v2\/users\/4"}],"replies":[{"embeddable":true,"href":"https:\/\/politicosaldesnudo.com.mx\/index.php\/wp-json\/wp\/v2\/comments?post=37664"}],"version-history":[{"count":0,"href":"https:\/\/politicosaldesnudo.com.mx\/index.php\/wp-json\/wp\/v2\/posts\/37664\/revisions"}],"wp:featuredmedia":[{"embeddable":true,"href":"https:\/\/politicosaldesnudo.com.mx\/index.php\/wp-json\/wp\/v2\/media\/37665"}],"wp:attachment":[{"href":"https:\/\/politicosaldesnudo.com.mx\/index.php\/wp-json\/wp\/v2\/media?parent=37664"}],"wp:term":[{"taxonomy":"category","embeddable":true,"href":"https:\/\/politicosaldesnudo.com.mx\/index.php\/wp-json\/wp\/v2\/categories?post=37664"},{"taxonomy":"post_tag","embeddable":true,"href":"https:\/\/politicosaldesnudo.com.mx\/index.php\/wp-json\/wp\/v2\/tags?post=37664"}],"curies":[{"name":"wp","href":"https:\/\/api.w.org\/{rel}","templated":true}]}}