{"id":37681,"date":"2024-05-16T02:27:42","date_gmt":"2024-05-16T07:27:42","guid":{"rendered":"https:\/\/politicosaldesnudo.com.mx\/?p=37681"},"modified":"2024-05-16T02:27:42","modified_gmt":"2024-05-16T07:27:42","slug":"realizaran-vacunaton-en-tuxpan","status":"publish","type":"post","link":"https:\/\/politicosaldesnudo.com.mx\/index.php\/2024\/05\/16\/realizaran-vacunaton-en-tuxpan\/","title":{"rendered":"Realizar\u00e1n Vacunat\u00f3n en Tuxpan"},"content":{"rendered":"<p><span style=\"font-size: 14pt;\">El d\u00eda de ayer se desarroll\u00f3 en la Plaza C\u00edvica de Tuxpan el llamado Vacunat\u00f3n, una jornada de salud que tiene como fin fortalecer el esquema de vacunaci\u00f3n de la poblaci\u00f3n, la campa\u00f1a di\u00f3 inicio en punto de las 9 de la ma\u00f1ana y concluy\u00f3 a la 1 de la tarde.<\/span><\/p>\n<p><span style=\"font-size: 14pt;\">Cuauht\u00e9moc P\u00e9rez Ju\u00e1rez, Jefe de la Jurisdicci\u00f3n Sanitaria N\u00famero 2, con sede en Tuxpan, se\u00f1al\u00f3 que es importante que las personas que acudan a inocularse, lleven consigo su cartilla de salud, en caso de no contar con ella, se les proporcionar\u00e1 en el punto de vacunaci\u00f3n.<\/span><\/p>\n<p><span style=\"font-size: 14pt;\">As\u00ed mismo indic\u00f3 que como en otros puntos del pa\u00eds, se atender\u00e1 a poblaci\u00f3n migrante que acuda y desee vacunarse. Entre las vacunas que se aplicar\u00e1n se encuentran: Sarampi\u00f3n, Rub\u00e9ola, Poliomielitis, Covid-19, Influenza, Rotavirus, entre otras.<\/span><\/p>\n<p><span style=\"font-size: 14pt;\">Por otro lado, coment\u00f3 la importancia de acudir a vacunarse, debido a los casos de sarampi\u00f3n importados en M\u00e9xico, raz\u00f3n por la cual en el pa\u00eds se han desarrollado acciones de prevenci\u00f3n como fortalecer el esquema de vacunaci\u00f3n.<\/span><\/p>\n","protected":false},"excerpt":{"rendered":"<p>El d\u00eda de ayer se desarroll\u00f3 en la Plaza C\u00edvica de Tuxpan el llamado Vacunat\u00f3n, una jornada de salud que<\/p>\n","protected":false},"author":4,"featured_media":37682,"comment_status":"closed","ping_status":"closed","sticky":false,"template":"","format":"standard","meta":{"colormag_page_container_layout":"default_layout","colormag_page_sidebar_layout":"default_layout","_jetpack_memberships_contains_paid_content":false,"footnotes":"","jetpack_publicize_message":"","jetpack_publicize_feature_enabled":true,"jetpack_social_post_already_shared":false,"jetpack_social_options":{"image_generator_settings":{"template":"highway","default_image_id":0,"font":"","enabled":false},"version":2}},"categories":[1082],"tags":[],"class_list":["post-37681","post","type-post","status-publish","format-standard","has-post-thumbnail","hentry","category-tuxpan"],"jetpack_publicize_connections":[],"jetpack_featured_media_url":"https:\/\/i0.wp.com\/politicosaldesnudo.com.mx\/wp-content\/uploads\/2024\/05\/alistan-vacunacion-contra-covid-19-en-tuxpan-472431.jpeg?fit=800%2C600&ssl=1","jetpack-related-posts":[],"jetpack_sharing_enabled":true,"_links":{"self":[{"href":"https:\/\/politicosaldesnudo.com.mx\/index.php\/wp-json\/wp\/v2\/posts\/37681","targetHints":{"allow":["GET"]}}],"collection":[{"href":"https:\/\/politicosaldesnudo.com.mx\/index.php\/wp-json\/wp\/v2\/posts"}],"about":[{"href":"https:\/\/politicosaldesnudo.com.mx\/index.php\/wp-json\/wp\/v2\/types\/post"}],"author":[{"embeddable":true,"href":"https:\/\/politicosaldesnudo.com.mx\/index.php\/wp-json\/wp\/v2\/users\/4"}],"replies":[{"embeddable":true,"href":"https:\/\/politicosaldesnudo.com.mx\/index.php\/wp-json\/wp\/v2\/comments?post=37681"}],"version-history":[{"count":0,"href":"https:\/\/politicosaldesnudo.com.mx\/index.php\/wp-json\/wp\/v2\/posts\/37681\/revisions"}],"wp:featuredmedia":[{"embeddable":true,"href":"https:\/\/politicosaldesnudo.com.mx\/index.php\/wp-json\/wp\/v2\/media\/37682"}],"wp:attachment":[{"href":"https:\/\/politicosaldesnudo.com.mx\/index.php\/wp-json\/wp\/v2\/media?parent=37681"}],"wp:term":[{"taxonomy":"category","embeddable":true,"href":"https:\/\/politicosaldesnudo.com.mx\/index.php\/wp-json\/wp\/v2\/categories?post=37681"},{"taxonomy":"post_tag","embeddable":true,"href":"https:\/\/politicosaldesnudo.com.mx\/index.php\/wp-json\/wp\/v2\/tags?post=37681"}],"curies":[{"name":"wp","href":"https:\/\/api.w.org\/{rel}","templated":true}]}}