{"id":37684,"date":"2024-05-16T02:29:34","date_gmt":"2024-05-16T07:29:34","guid":{"rendered":"https:\/\/politicosaldesnudo.com.mx\/?p=37684"},"modified":"2024-05-16T02:29:34","modified_gmt":"2024-05-16T07:29:34","slug":"exhortan-a-extremar-precauciones-ante-descomposicion-de-alimentos-por-calor","status":"publish","type":"post","link":"https:\/\/politicosaldesnudo.com.mx\/index.php\/2024\/05\/16\/exhortan-a-extremar-precauciones-ante-descomposicion-de-alimentos-por-calor\/","title":{"rendered":"Exhortan a extremar precauciones ante descomposici\u00f3n de alimentos por calor"},"content":{"rendered":"<p><span style=\"font-size: 14pt;\">Autoridades de la Jurisdicci\u00f3n Sanitaria N\u00famero 2 con sede en Tuxpan, advierten de los da\u00f1os a la salud que puede ocasionar los alimentos que se ven afectados por la presencia de las altas temperaturas, por lo que exhortan a la poblaci\u00f3n a extremar precauciones para evitar padecimientos.<\/span><\/p>\n<p><span style=\"font-size: 14pt;\">En entrevista para Meganoticias Tuxpan, \u00c9lfega Del \u00c1ngel Salazar, Responsable de vigilancia Epidemiol\u00f3gica en la Jurisdicci\u00f3n, se\u00f1al\u00f3 que todos los alimentos son susceptibles de descomponerse, sin embargo son los productos c\u00e1rnicos de cerdo y de res, as\u00ed como el pollo y mariscos son las m\u00e1s perecederos y los que pueden generar un mayor da\u00f1o a la salud cuando se ven afectados por las altas temperaturas.<\/span><\/p>\n<p><span style=\"font-size: 14pt;\">Indic\u00f3 que las afectaciones a la salud que puede traer consigo estos alimentos en un mal estado van desde una intoxicaci\u00f3n hasta enfermedades como gastroenteritis, salmonelosis o c\u00f3lera.<\/span><\/p>\n<p><span style=\"font-size: 14pt;\">Ante ello exhortan a la poblaci\u00f3n a seguir recomendaciones como observar el color y la condici\u00f3n de los productos c\u00e1rnicos, adem\u00e1s de mantenerlos bien refrigerados y ante la presencia de sintomatolog\u00eda, acudir al m\u00e9dico y evitar la automedicaci\u00f3n.<\/span><\/p>\n","protected":false},"excerpt":{"rendered":"<p>Autoridades de la Jurisdicci\u00f3n Sanitaria N\u00famero 2 con sede en Tuxpan, advierten de los da\u00f1os a la salud que puede<\/p>\n","protected":false},"author":4,"featured_media":37685,"comment_status":"closed","ping_status":"closed","sticky":false,"template":"","format":"standard","meta":{"colormag_page_container_layout":"default_layout","colormag_page_sidebar_layout":"default_layout","_jetpack_memberships_contains_paid_content":false,"footnotes":"","jetpack_publicize_message":"","jetpack_publicize_feature_enabled":true,"jetpack_social_post_already_shared":false,"jetpack_social_options":{"image_generator_settings":{"template":"highway","default_image_id":0,"font":"","enabled":false},"version":2}},"categories":[1082],"tags":[],"class_list":["post-37684","post","type-post","status-publish","format-standard","has-post-thumbnail","hentry","category-tuxpan"],"jetpack_publicize_connections":[],"jetpack_featured_media_url":"https:\/\/i0.wp.com\/politicosaldesnudo.com.mx\/wp-content\/uploads\/2024\/05\/3.jpg?fit=1280%2C960&ssl=1","jetpack-related-posts":[],"jetpack_sharing_enabled":true,"_links":{"self":[{"href":"https:\/\/politicosaldesnudo.com.mx\/index.php\/wp-json\/wp\/v2\/posts\/37684","targetHints":{"allow":["GET"]}}],"collection":[{"href":"https:\/\/politicosaldesnudo.com.mx\/index.php\/wp-json\/wp\/v2\/posts"}],"about":[{"href":"https:\/\/politicosaldesnudo.com.mx\/index.php\/wp-json\/wp\/v2\/types\/post"}],"author":[{"embeddable":true,"href":"https:\/\/politicosaldesnudo.com.mx\/index.php\/wp-json\/wp\/v2\/users\/4"}],"replies":[{"embeddable":true,"href":"https:\/\/politicosaldesnudo.com.mx\/index.php\/wp-json\/wp\/v2\/comments?post=37684"}],"version-history":[{"count":0,"href":"https:\/\/politicosaldesnudo.com.mx\/index.php\/wp-json\/wp\/v2\/posts\/37684\/revisions"}],"wp:featuredmedia":[{"embeddable":true,"href":"https:\/\/politicosaldesnudo.com.mx\/index.php\/wp-json\/wp\/v2\/media\/37685"}],"wp:attachment":[{"href":"https:\/\/politicosaldesnudo.com.mx\/index.php\/wp-json\/wp\/v2\/media?parent=37684"}],"wp:term":[{"taxonomy":"category","embeddable":true,"href":"https:\/\/politicosaldesnudo.com.mx\/index.php\/wp-json\/wp\/v2\/categories?post=37684"},{"taxonomy":"post_tag","embeddable":true,"href":"https:\/\/politicosaldesnudo.com.mx\/index.php\/wp-json\/wp\/v2\/tags?post=37684"}],"curies":[{"name":"wp","href":"https:\/\/api.w.org\/{rel}","templated":true}]}}