{"id":37722,"date":"2024-05-17T07:59:44","date_gmt":"2024-05-17T12:59:44","guid":{"rendered":"https:\/\/politicosaldesnudo.com.mx\/?p=37722"},"modified":"2024-05-17T07:59:44","modified_gmt":"2024-05-17T12:59:44","slug":"apagones-en-mexico-como-proteger-tus-aparatos-electricos","status":"publish","type":"post","link":"https:\/\/politicosaldesnudo.com.mx\/index.php\/2024\/05\/17\/apagones-en-mexico-como-proteger-tus-aparatos-electricos\/","title":{"rendered":"Apagones en M\u00e9xico: \u00bfC\u00f3mo proteger tus aparatos el\u00e9ctricos?"},"content":{"rendered":"<p><span style=\"font-size: 14pt;\">Un alto consumo energ\u00e9tico por parte del sector industrial, la baja inversi\u00f3n en infraestructura, poca eficiencia energ\u00e9tica y las altas temperaturas son factores que propician cortes en el suministro de energ\u00eda con la finalidad de evitar un colapso en las redes de transmisi\u00f3n de electricidad del pa\u00eds.<\/span><\/p>\n<p><span style=\"font-size: 14pt;\">Los recientes apagones el\u00e9ctricos que han impactado al 80% del territorio nacional est\u00e1n propiciados por una combinaci\u00f3n de factores como: una alta demanda de consumo energ\u00e9tico debido crecimiento del sector industrial por el nearshoring; deterioro en la infraestructura de transmisi\u00f3n; baja eficiencia energ\u00e9tica; y los efectos del cambio clim\u00e1tico con altas temperaturas en diversas zonas del pa\u00eds que se traducen en un mayor consumo de sistemas de enfriamiento, de acuerdo con el Colegio de Economistas de Aguascalientes.<\/span><\/p>\n<p><span style=\"font-size: 14pt;\">Teniendo en cuenta estas variables, hay regiones del pa\u00eds que resultan m\u00e1s afectadas como el Baj\u00edo, el Norte y las pen\u00ednsulas de Yucat\u00e1n y Baja California, ante esto la instituci\u00f3n dio una serie de recomendaciones a la poblaci\u00f3n para evitar da\u00f1os en los aparatos por los cortes a la energ\u00eda cuando hay una alta demanda en el Sistema El\u00e9ctrico Nacional.<\/span><\/p>\n<p><span style=\"font-size: 14pt;\">1.- Desconectar aparatos electr\u00f3nicos que est\u00e9n sin usar<\/span><\/p>\n<p><span style=\"font-size: 14pt;\">Desconectar todos los electrodom\u00e9sticos que no se usan, pero que suelen dejarse enchufados, como, televisores, microondas, licuadoras, impresoras, etc. Aunque no est\u00e9n encendidos, si est\u00e1n conectados, siguen consumiendo electricidad.<\/span><\/p>\n<p><span style=\"font-size: 14pt;\">2.- Evitar el uso simult\u00e1neo de aparatos de alto consumo el\u00e9ctrico<\/span><\/p>\n<p><span style=\"font-size: 14pt;\">No utilizar aires acondicionados junto con otros aparatos de alto consumo, como lavadoras, secadoras, hornos y microondas, ya que esto puede sobrecargar el sistema el\u00e9ctrico.<\/span><\/p>\n<p><span style=\"font-size: 14pt;\">3.- Limitar el consumo de electricidad entre las 8 p.m. y las 10 p.m.<\/span><\/p>\n<p><span style=\"font-size: 14pt;\">Este es el periodo de mayor demanda energ\u00e9tica, reducir el consumo en estas horas no solo ayuda a evitar sobrecargas en el sistema, sino que tambi\u00e9n puede generar ahorros, ya que la Comisi\u00f3n Federal de Electricidad (CFE) tiene diferentes tarifas de cobro dependiendo de la hora del d\u00eda y este es el horario con mayor costo.<\/span><\/p>\n<p><span style=\"font-size: 14pt;\">4.- Cargar dispositivos en las ma\u00f1anas<\/span><\/p>\n<p><span style=\"font-size: 14pt;\">Las tarifas m\u00e1s bajas son de 12 a.m. a 6 a.m.; la intermedia de 6 a.m. a 8 p.m. cargar las bater\u00edas de computadoras y celulares por la ma\u00f1ana o usar la lavadora en las primeras horas de la ma\u00f1ana para evitar el horario de mayor demanda.<\/span><\/p>\n<p><span style=\"font-size: 14pt;\">5.- Reguladores de voltaje<\/span><\/p>\n<p><span style=\"font-size: 14pt;\">Instalar reguladores de voltaje permite evitar da\u00f1os causados por cortes repentinos de energ\u00eda en electr\u00f3nicos, como computadoras, televisores y otros.<\/span><\/p>\n<p><span style=\"font-size: 14pt;\">6.- Reservas de hielo en el refrigerador<\/span><\/p>\n<p><span style=\"font-size: 14pt;\">Para d\u00edas calurosos en los que se esperan cortes de energ\u00eda, una reserva de hielo puede ser \u00fatil para conservar los alimentos perecederos.<\/span><\/p>\n<p><span style=\"font-size: 14pt;\">7.- Mantenerse informado<\/span><\/p>\n<p><span style=\"font-size: 14pt;\">Monitorear las alertas del Centro Nacional de Control de Energ\u00eda (Cenace) para conocer las zonas afectadas por los apagones.<\/span><\/p>\n<p><span style=\"font-size: 14pt;\">El gobierno no se hace responsable por los da\u00f1os a electrodom\u00e9sticos debido a cortes de energ\u00eda, la adopci\u00f3n de estas medidas preventivas puede mitigarlos y garantizar un uso m\u00e1s eficiente y seguro de la electricidad en el hogar.<\/span><\/p>\n","protected":false},"excerpt":{"rendered":"<p>Un alto consumo energ\u00e9tico por parte del sector industrial, la baja inversi\u00f3n en infraestructura, poca eficiencia energ\u00e9tica y las altas<\/p>\n","protected":false},"author":4,"featured_media":37723,"comment_status":"closed","ping_status":"closed","sticky":false,"template":"","format":"standard","meta":{"colormag_page_container_layout":"default_layout","colormag_page_sidebar_layout":"default_layout","_jetpack_memberships_contains_paid_content":false,"footnotes":"","jetpack_publicize_message":"","jetpack_publicize_feature_enabled":true,"jetpack_social_post_already_shared":false,"jetpack_social_options":{"image_generator_settings":{"template":"highway","default_image_id":0,"font":"","enabled":false},"version":2}},"categories":[30],"tags":[],"class_list":["post-37722","post","type-post","status-publish","format-standard","has-post-thumbnail","hentry","category-estados"],"jetpack_publicize_connections":[],"jetpack_featured_media_url":"https:\/\/i0.wp.com\/politicosaldesnudo.com.mx\/wp-content\/uploads\/2024\/05\/medidores_cfe.jpg_1014274486.jpg?fit=480%2C320&ssl=1","jetpack-related-posts":[],"jetpack_sharing_enabled":true,"_links":{"self":[{"href":"https:\/\/politicosaldesnudo.com.mx\/index.php\/wp-json\/wp\/v2\/posts\/37722","targetHints":{"allow":["GET"]}}],"collection":[{"href":"https:\/\/politicosaldesnudo.com.mx\/index.php\/wp-json\/wp\/v2\/posts"}],"about":[{"href":"https:\/\/politicosaldesnudo.com.mx\/index.php\/wp-json\/wp\/v2\/types\/post"}],"author":[{"embeddable":true,"href":"https:\/\/politicosaldesnudo.com.mx\/index.php\/wp-json\/wp\/v2\/users\/4"}],"replies":[{"embeddable":true,"href":"https:\/\/politicosaldesnudo.com.mx\/index.php\/wp-json\/wp\/v2\/comments?post=37722"}],"version-history":[{"count":0,"href":"https:\/\/politicosaldesnudo.com.mx\/index.php\/wp-json\/wp\/v2\/posts\/37722\/revisions"}],"wp:featuredmedia":[{"embeddable":true,"href":"https:\/\/politicosaldesnudo.com.mx\/index.php\/wp-json\/wp\/v2\/media\/37723"}],"wp:attachment":[{"href":"https:\/\/politicosaldesnudo.com.mx\/index.php\/wp-json\/wp\/v2\/media?parent=37722"}],"wp:term":[{"taxonomy":"category","embeddable":true,"href":"https:\/\/politicosaldesnudo.com.mx\/index.php\/wp-json\/wp\/v2\/categories?post=37722"},{"taxonomy":"post_tag","embeddable":true,"href":"https:\/\/politicosaldesnudo.com.mx\/index.php\/wp-json\/wp\/v2\/tags?post=37722"}],"curies":[{"name":"wp","href":"https:\/\/api.w.org\/{rel}","templated":true}]}}