{"id":37735,"date":"2024-05-17T08:14:48","date_gmt":"2024-05-17T13:14:48","guid":{"rendered":"https:\/\/politicosaldesnudo.com.mx\/?p=37735"},"modified":"2024-05-17T08:14:48","modified_gmt":"2024-05-17T13:14:48","slug":"hay-que-detener-a-israel-dice-sudafrica-a-la-corte-internacional-de-justicia","status":"publish","type":"post","link":"https:\/\/politicosaldesnudo.com.mx\/index.php\/2024\/05\/17\/hay-que-detener-a-israel-dice-sudafrica-a-la-corte-internacional-de-justicia\/","title":{"rendered":"\u00abHay que detener a Israel\u00bb, dice Sud\u00e1frica a la Corte Internacional de Justicia"},"content":{"rendered":"<div class=\"content-body clearfix \">\n<div id=\"content-body-225-11928309\">\n<p><span style=\"font-size: 14pt;\">Sud\u00e1frica\u00a0pidi\u00f3 el jueves al\u00a0m\u00e1ximo tribunal de la ONU\u00a0que ordene el cese de la\u00a0ofensiva en Rafah\u00a0como parte de su caso en\u00a0La Haya\u00a0en el que acusa a\u00a0Israel de genocidio, afirmando que el pa\u00eds \u00abdebe detenerse\u00bb para garantizar la supervivencia del pueblo palestino.<\/span><\/p>\n<p><span style=\"font-size: 14pt;\">Las audiencias en la\u00a0Corte Internacional de Justicia\u00a0se celebran despu\u00e9s de que Sud\u00e1frica solicit\u00f3 la semana pasada m\u00e1s medidas de emergencia para proteger Rafah, ciudad del sur de Gaza donde se refugian m\u00e1s de un mill\u00f3n de palestinos.<\/span><\/p>\n<\/div>\n<\/div>\n<div class=\"advertisment \">\n<div id=\"dfp-nota-1x3s\" data-google-query-id=\"CIqujc3hlIYDFU8UigMdRTAIOw\">\n<div id=\"google_ads_iframe_\/2000002\/la-prensa\/mexico_nota_1x3_0__container__\"><span style=\"font-size: 14pt;\">Tambi\u00e9n pidi\u00f3 al tribunal que ordene a\u00a0Israel permitir el acceso sin trabas a Gaza\u00a0de funcionarios de la ONU, organizaciones de ayuda humanitaria, periodistas e investigadores. A\u00f1adi\u00f3 que, hasta la fecha,\u00a0Israel\u00a0ha ignorado y violado anteriores \u00f3rdenes judiciales.<\/span><\/div>\n<\/div>\n<\/div>\n<article class=\"content-continued-body clearfix \">\n<div id=\"content-body-5851641-11928309\">\n<article class=\"mundo\nmedia col-md-4 inline-story \"><\/p>\n<div class=\"teaser \">\n<p class=\"kicker \"><span style=\"font-size: 14pt;\">Seg\u00fan Tembeka Ngcukaitobi, abogado de Sud\u00e1frica, la campa\u00f1a militar israel\u00ed ha apuntado a decenas de miles de ni\u00f1os y mujeres, ha destruido infraestructuras civiles y ha matado de hambre a la poblaci\u00f3n.<\/span><\/p>\n<\/div>\n<\/article>\n<p><span style=\"font-size: 14pt;\">\u00abDesde el principio, la intenci\u00f3n de Israel fue siempre destruir la vida de los palestinos y borrarlos de la faz de la tierra. Rafah es la \u00faltima parada\u00bb, afirm\u00f3.<\/span><\/p>\n<p><span style=\"font-size: 14pt;\">\u00abHay que detener a Israel. Sud\u00e1frica est\u00e1 hoy de nuevo ante ustedes para pedir respetuosamente al tribunal que invoque sus poderes (&#8230;) para ordenar un remedio que detenga a Israel\u00bb, dijo Adila Hassim, otra abogada de Sud\u00e1frica.<\/span><\/p>\n<p><span style=\"font-size: 14pt;\">Israel, que ha denunciado como infundada la afirmaci\u00f3n de Sud\u00e1frica de que est\u00e1 violando la Convenci\u00f3n sobre el Genocidio de 1949, responder\u00e1 el viernes. En documentos anteriores, Israel hab\u00eda hecho hincapi\u00e9 en que hab\u00eda intensificado sus esfuerzos para hacer llegar ayuda humanitaria a Gaza, tal y como hab\u00eda ordenado la CIJ.<\/span><\/p>\n<div class=\"mundo\nmedia \"><\/p>\n<div class=\"teaser \">\n<div class=\"img-container picture\">\n<div id=\"standard_4\" class=\"st-placement standard_4 inImageRestricted\">\n<div class=\"st-adunit st-adunit-tagged st-reset st-show\">\n<div class=\"st-adunit-ad st-reset\">\n<div class=\"st-display-render st-reset open 160x600\">\n<div class=\"st-canvas st-reset vertical-static\"><span style=\"font-size: 14pt;\">\u00abHambruna provocada por el hombre\u201d<\/span><\/div>\n<\/div>\n<\/div>\n<\/div>\n<\/div>\n<\/div>\n<\/div>\n<\/div>\n<p><span style=\"font-size: 14pt;\">El abogado sudafricano Max du Plessis afirm\u00f3 que las zonas declaradas seguras por Israel eran una \u00abcruel distorsi\u00f3n\u00bb,\u00a0ya que a menudo la gente estaba demasiado hambrienta para huir. Los que ten\u00edan fuerzas suficientes para salir a refugios eran a veces atacados por las fuerzas israel\u00edes.<\/span><\/p>\n<p><span style=\"font-size: 14pt;\">\u00abNo hay nada humanitario en estas zonas humanitarias\u00bb, afirm\u00f3. \u00abEl genocidio israel\u00ed de palestinos contin\u00faa mediante ataques militares y hambruna provocada por el hombre\u00bb.<\/span><\/p>\n<p><span style=\"font-size: 14pt;\">Gilad Erdan, embajador de Israel ante las Naciones Unidas, declar\u00f3 el mi\u00e9rcoles a Radio Ej\u00e9rcito que la escasa antelaci\u00f3n con la que el tribunal convoc\u00f3 las audiencias no permiti\u00f3 una preparaci\u00f3n jur\u00eddica suficiente, y a\u00f1adi\u00f3 que eso era \u00abuna se\u00f1al reveladora\u00bb.<\/span><\/p>\n<p><span style=\"font-size: 14pt;\">La guerra entre Israel y Hamas ha matado a casi 35 mil personas en Gaza, seg\u00fan las autoridades sanitarias de la zona. Alrededor de mil 200 personas murieron en Israel y 253 fueron tomadas como rehenes el 7 de octubre, cuando Hamas lanz\u00f3 el ataque que inici\u00f3 la guerra, seg\u00fan los recuentos israel\u00edes.<\/span><\/p>\n<p><span style=\"font-size: 14pt;\">Sud\u00e1frica acusa a Israel de actos de genocidio contra los palestinos. En enero, el tribunal orden\u00f3 a Israel que garantizara que sus tropas no comet\u00edan actos genocidas contra los palestinos de Gaza, permitiera la entrada de m\u00e1s ayuda humanitaria y preservara cualquier prueba de violaciones.<\/span><\/p>\n<p><span style=\"font-size: 14pt;\">Las audiencias de los d\u00edas 16 y 17 de mayo se centrar\u00e1n \u00fanicamente en la adopci\u00f3n de medidas de emergencia para evitar que el conflicto se agrave. Es probable que pasen a\u00f1os antes de que el tribunal pueda pronunciarse sobre el fondo del asunto.<\/span><\/p>\n<p><span style=\"font-size: 14pt;\">Las sentencias y \u00f3rdenes de la CIJ son vinculantes e inapelables. Aunque el tribunal no tiene forma de hacerlas cumplir, una orden contra un pa\u00eds podr\u00eda da\u00f1ar su reputaci\u00f3n internacional y sentar un precedente jur\u00eddico.<\/span><\/p>\n<\/div>\n<\/article>\n","protected":false},"excerpt":{"rendered":"<p>Sud\u00e1frica\u00a0pidi\u00f3 el jueves al\u00a0m\u00e1ximo tribunal de la ONU\u00a0que ordene el cese de la\u00a0ofensiva en Rafah\u00a0como parte de su caso en\u00a0La<\/p>\n","protected":false},"author":4,"featured_media":37736,"comment_status":"closed","ping_status":"closed","sticky":false,"template":"","format":"standard","meta":{"colormag_page_container_layout":"default_layout","colormag_page_sidebar_layout":"default_layout","_jetpack_memberships_contains_paid_content":false,"footnotes":"","jetpack_publicize_message":"","jetpack_publicize_feature_enabled":true,"jetpack_social_post_already_shared":false,"jetpack_social_options":{"image_generator_settings":{"template":"highway","default_image_id":0,"font":"","enabled":false},"version":2}},"categories":[28],"tags":[],"class_list":["post-37735","post","type-post","status-publish","format-standard","has-post-thumbnail","hentry","category-internacional"],"jetpack_publicize_connections":[],"jetpack_featured_media_url":"https:\/\/i0.wp.com\/politicosaldesnudo.com.mx\/wp-content\/uploads\/2024\/05\/images-12.jpg?fit=300%2C168&ssl=1","jetpack-related-posts":[],"jetpack_sharing_enabled":true,"_links":{"self":[{"href":"https:\/\/politicosaldesnudo.com.mx\/index.php\/wp-json\/wp\/v2\/posts\/37735","targetHints":{"allow":["GET"]}}],"collection":[{"href":"https:\/\/politicosaldesnudo.com.mx\/index.php\/wp-json\/wp\/v2\/posts"}],"about":[{"href":"https:\/\/politicosaldesnudo.com.mx\/index.php\/wp-json\/wp\/v2\/types\/post"}],"author":[{"embeddable":true,"href":"https:\/\/politicosaldesnudo.com.mx\/index.php\/wp-json\/wp\/v2\/users\/4"}],"replies":[{"embeddable":true,"href":"https:\/\/politicosaldesnudo.com.mx\/index.php\/wp-json\/wp\/v2\/comments?post=37735"}],"version-history":[{"count":0,"href":"https:\/\/politicosaldesnudo.com.mx\/index.php\/wp-json\/wp\/v2\/posts\/37735\/revisions"}],"wp:featuredmedia":[{"embeddable":true,"href":"https:\/\/politicosaldesnudo.com.mx\/index.php\/wp-json\/wp\/v2\/media\/37736"}],"wp:attachment":[{"href":"https:\/\/politicosaldesnudo.com.mx\/index.php\/wp-json\/wp\/v2\/media?parent=37735"}],"wp:term":[{"taxonomy":"category","embeddable":true,"href":"https:\/\/politicosaldesnudo.com.mx\/index.php\/wp-json\/wp\/v2\/categories?post=37735"},{"taxonomy":"post_tag","embeddable":true,"href":"https:\/\/politicosaldesnudo.com.mx\/index.php\/wp-json\/wp\/v2\/tags?post=37735"}],"curies":[{"name":"wp","href":"https:\/\/api.w.org\/{rel}","templated":true}]}}