{"id":37739,"date":"2024-05-17T08:17:23","date_gmt":"2024-05-17T13:17:23","guid":{"rendered":"https:\/\/politicosaldesnudo.com.mx\/?p=37739"},"modified":"2024-05-17T08:17:23","modified_gmt":"2024-05-17T13:17:23","slug":"allana-gobierno-de-milei-comedores-populares-y-casas-de-dirigentes-sociales","status":"publish","type":"post","link":"https:\/\/politicosaldesnudo.com.mx\/index.php\/2024\/05\/17\/allana-gobierno-de-milei-comedores-populares-y-casas-de-dirigentes-sociales\/","title":{"rendered":"Allana gobierno de Milei comedores populares y casas de dirigentes sociales"},"content":{"rendered":"<p lang=\"es-AR\"><span style=\"font-size: 14pt;\">A los festejos del gobierno del ultraderechista presidente, Javier Milei, sobre una supuesta baja de la inflaci\u00f3n, lo que en realidad nada ha cambiado la situaci\u00f3n social y econ\u00f3mica que significa un retroceso en todos los sectores, el hambre y el abandono de los pobres e indigentes, se contraponen las nuevas disposiciones de la ministra de Seguridad, Patricia Bullrich, quien dispuso violentos allanamientos a comedores populares y domicilios de dirigentes sociales como si fuera en plena dictadura militar.<\/span><\/p>\n<div class=\"teads-inread teads-display\">\n<div>\n<div id=\"teads0\" class=\"teads-player\"><span style=\"font-size: 14pt;\">El Polo Obrero (PO), patrocinado por dos abogadas Liliana Alaniz y Claudia Ferrero de la Asociaci\u00f3n de Profesionales en Lucha (APEL), present\u00f3 un primer pedido de nulidad en la causa contra las organizaciones sociales y los comedores populares.<\/span><\/div>\n<\/div>\n<\/div>\n<p lang=\"es-AR\"><span style=\"font-size: 14pt;\">Denunciaron las irregularidades del procedimiento, que no respet\u00f3 ninguna norma legal, y expusieron que se trata de una causa fundada sobre \u201clas irregularidades y arbitrariedades con allanamientos m\u00faltiples, pinchaduras (espionaje) de tel\u00e9fono, seguimiento de personas, etc., todas resultantes de una decisi\u00f3n pol\u00edtica del actual gobierno y a pesar de la propia negativa a aceptarla por parte del juez Sebasti\u00e1n Cassanello\u201d.<\/span><\/p>\n<p lang=\"es-AR\"><span style=\"font-size: 14pt;\">La causa judicial fue abierta por el ministerio de Seguridad tratando de utilizar como \u201cprueba\u201d los llamados a una l\u00ednea telef\u00f3nica (134) abierta para denunciar presuntas extorsiones y amenazas para concurrir a las marchas por parte de los dirigentes de las organizaciones sociales.<\/span><\/p>\n<p lang=\"es-AR\"><span style=\"font-size: 14pt;\">Se presentaron ante la justicia unos 900 llamados, de los que el fiscal federal Gerardo Policita se qued\u00f3 con 45, en base a los que hizo el pedido de indagatoria de los 27 imputados. El juez Sebasti\u00e1n Casanello rechaz\u00f3 ese pedido porque las denuncias fueron an\u00f3nimas.<\/span><\/p>\n<p lang=\"es-AR\"><span style=\"font-size: 14pt;\">Bullrich pidi\u00f3 ser querellante en la causa por \u201crealizar la denuncia\u201d al argumentar que su ministerio tiene entre sus funciones \u00abla preservaci\u00f3n de la libertad, la vida y el patrimonio de los habitantes, sus derechos y garant\u00edas en un marco de plena vigencia de las instituciones del sistema democr\u00e1tico\u201d.<\/span><\/p>\n<p lang=\"es-AR\"><span style=\"font-size: 14pt;\">El juez lo rechaz\u00f3 tras se\u00f1alar que la funcionaria no puede considerarse \u201cni como persona particularmente ofendida por los hechos que se investigan ni su ministerio tiene la atribuci\u00f3n de hacerlo, pues de lo contrario todos los representantes estatales tendr\u00edan t\u00edtulo suficiente para querellar en las causas que all\u00ed se mencionan, lo que resulta inadmisible por absurdo a poco que se piense en las consecuencias que ello acarrear\u00eda para la marcha de las causas\u201d.<\/span><\/p>\n<p lang=\"es-AR\"><span style=\"font-size: 14pt;\">En los medios afines al gobierno el caso fue amplificado tratando de manejar la opini\u00f3n p\u00fablica, no contra la suspensi\u00f3n de los fondos para los comedores populares (44 mil en todo el pa\u00eds), sino tratando de mostrar como \u201cmafias\u201d a las organizaciones acus\u00e1ndolas de embolsar el dinero destinado a paliar el hambre de los excluidos del sistema.<\/span><\/p>\n<p lang=\"es-AR\"><span style=\"font-size: 14pt;\">Y esto sucede cuando ahora los que demandan comida en los comedores populares se han quintuplicado, y seguir\u00e1 sucediendo porque el desempleo sigue aumentando con nuevos despidos, ya no solo de estatales sino de los sectores privados, ya que es asfixiante la situaci\u00f3n en las industrias, cuya capacidad de producci\u00f3n se redujo a m\u00e1s de la mitad y los despidos est\u00e1n a la orden del d\u00eda.<\/span><\/p>\n<p lang=\"es-AR\"><span style=\"font-size: 14pt;\">La investigaci\u00f3n a cargo del fiscal Gerardo Pollicita avanz\u00f3 \u201cen un contexto pol\u00edtico que es claro: el gobierno de La Libertad Avanza, a trav\u00e9s de la ministra de Seguridad y de la de Capital Humano, Sandra Pettovello, buscan desarmar a las organizaciones sociales.<\/span><\/p>\n<p lang=\"es-AR\"><span style=\"font-size: 14pt;\">No se trata s\u00f3lo de una causa judicial, sino de una serie de golpes: la decisi\u00f3n de no enviarles alimentos a los comedores de los movimientos, as\u00ed como la de ir podando el Programa Potenciar, se mantiene firme desde hace cinco meses y afecta a la organizaci\u00f3n y los espacios comunitarios de los barrios\u201d, se\u00f1alan los afectados.<\/span><\/p>\n<p lang=\"es-AR\"><span style=\"font-size: 14pt;\">Mientras se espera que la justicia llame a indagatoria a los integrantes de las organizaciones sociales luego de los 27 allanamientos que se realizaron el pasado lunes tambi\u00e9n los medios afines al gobierno acusan a los piqueteros de haber montado \u201cun sistema de esclavitud moderna\u201d.<\/span><\/p>\n<p lang=\"es-AR\"><span style=\"font-size: 14pt;\">Tambi\u00e9n el gobierno intenta golpear al movimientos de estudiantes y a las universidades de todo el pa\u00eds, al entregar fondos a la Universidad de Buenos Aires, pero no al resto de instituciones educativas. La respuesta fue una asamblea multitudinarias del movimiento estudiantil apoyado por las centrales sindicales, los movimientos culturales de derechos humanos, en su disposici\u00f3n de continuar e impedir que se apruebe en el Senado la Ley Bases, que busca desregular la econom\u00eda y entregar las facultades del Legislativo al Ejecutivo, y que se derogue el decreto de necesidad y urgencia por medio del cual se han entregados territorios y se vulnera la Constituci\u00f3n a diario.<\/span><\/p>\n<p lang=\"es-AR\"><span style=\"font-size: 14pt;\">El presidente, en tanto, realiza su sexto viaje en cinco meses por asuntos personales como su reuni\u00f3n en Espa\u00f1a con la ultraderecha fundamentalista de ese pa\u00eds.<\/span><\/p>\n","protected":false},"excerpt":{"rendered":"<p>A los festejos del gobierno del ultraderechista presidente, Javier Milei, sobre una supuesta baja de la inflaci\u00f3n, lo que en<\/p>\n","protected":false},"author":4,"featured_media":37740,"comment_status":"closed","ping_status":"closed","sticky":false,"template":"","format":"standard","meta":{"colormag_page_container_layout":"default_layout","colormag_page_sidebar_layout":"default_layout","_jetpack_memberships_contains_paid_content":false,"footnotes":"","jetpack_publicize_message":"","jetpack_publicize_feature_enabled":true,"jetpack_social_post_already_shared":false,"jetpack_social_options":{"image_generator_settings":{"template":"highway","default_image_id":0,"font":"","enabled":false},"version":2}},"categories":[28],"tags":[3112],"class_list":["post-37739","post","type-post","status-publish","format-standard","has-post-thumbnail","hentry","category-internacional","tag-milei"],"jetpack_publicize_connections":[],"jetpack_featured_media_url":"https:\/\/i0.wp.com\/politicosaldesnudo.com.mx\/wp-content\/uploads\/2024\/05\/719941892.jpg?fit=1300%2C830&ssl=1","jetpack-related-posts":[],"jetpack_sharing_enabled":true,"_links":{"self":[{"href":"https:\/\/politicosaldesnudo.com.mx\/index.php\/wp-json\/wp\/v2\/posts\/37739","targetHints":{"allow":["GET"]}}],"collection":[{"href":"https:\/\/politicosaldesnudo.com.mx\/index.php\/wp-json\/wp\/v2\/posts"}],"about":[{"href":"https:\/\/politicosaldesnudo.com.mx\/index.php\/wp-json\/wp\/v2\/types\/post"}],"author":[{"embeddable":true,"href":"https:\/\/politicosaldesnudo.com.mx\/index.php\/wp-json\/wp\/v2\/users\/4"}],"replies":[{"embeddable":true,"href":"https:\/\/politicosaldesnudo.com.mx\/index.php\/wp-json\/wp\/v2\/comments?post=37739"}],"version-history":[{"count":0,"href":"https:\/\/politicosaldesnudo.com.mx\/index.php\/wp-json\/wp\/v2\/posts\/37739\/revisions"}],"wp:featuredmedia":[{"embeddable":true,"href":"https:\/\/politicosaldesnudo.com.mx\/index.php\/wp-json\/wp\/v2\/media\/37740"}],"wp:attachment":[{"href":"https:\/\/politicosaldesnudo.com.mx\/index.php\/wp-json\/wp\/v2\/media?parent=37739"}],"wp:term":[{"taxonomy":"category","embeddable":true,"href":"https:\/\/politicosaldesnudo.com.mx\/index.php\/wp-json\/wp\/v2\/categories?post=37739"},{"taxonomy":"post_tag","embeddable":true,"href":"https:\/\/politicosaldesnudo.com.mx\/index.php\/wp-json\/wp\/v2\/tags?post=37739"}],"curies":[{"name":"wp","href":"https:\/\/api.w.org\/{rel}","templated":true}]}}