{"id":37742,"date":"2024-05-17T08:20:45","date_gmt":"2024-05-17T13:20:45","guid":{"rendered":"https:\/\/politicosaldesnudo.com.mx\/?p=37742"},"modified":"2024-05-17T08:20:45","modified_gmt":"2024-05-17T13:20:45","slug":"lula-da-silva-rechaza-invitacion-a-cumbre-sobre-ucrania-en-suiza","status":"publish","type":"post","link":"https:\/\/politicosaldesnudo.com.mx\/index.php\/2024\/05\/17\/lula-da-silva-rechaza-invitacion-a-cumbre-sobre-ucrania-en-suiza\/","title":{"rendered":"Lula da Silva rechaza invitaci\u00f3n a cumbre sobre Ucrania en Suiza"},"content":{"rendered":"<p><span style=\"font-size: 14pt;\">El presidente brasile\u00f1o, Luiz In\u00e1cio Lula da Silva, rechaz\u00f3 la invitaci\u00f3n para participar en la cumbre sobre la situaci\u00f3n en Ucrania que se celebrar\u00e1 en Suiza los d\u00edas 15 y 16 de junio.<\/span><\/p>\n<div class=\"teads-inread teads-display\">\n<div>\n<div id=\"teads0\" class=\"teads-player\"><span style=\"font-size: 14pt;\">En un comunicado remitido a la Agencia Sputnik, la secretar\u00eda de presidencia de Brasil inform\u00f3 que \u00abLula no comparecer\u00e1 a la c\u00fapula sobre Ucrania\u00bb\u200b\u200b\u200b.<\/span><\/div>\n<\/div>\n<\/div>\n<p><span style=\"font-size: 14pt;\">No obstante, el mandatario s\u00ed \u00abrecibi\u00f3 con inter\u00e9s\u00bb la invitaci\u00f3n para participar en la cumbre del G7 que se celebrar\u00e1 pocos d\u00edas antes en Italia y est\u00e1 analizando si acudir\u00e1 o no.<\/span><\/p>\n<p><span style=\"font-size: 14pt;\">El gobierno de Suiza invit\u00f3 a Lula a participar en la llamada \u00abcumbre de la paz\u00bb a trav\u00e9s de una invitaci\u00f3n oficial remitida al ministro de Relaciones Exteriores de Brasil, Mauro Vieira, el 30 de abril.<\/span><\/p>\n<p><span style=\"font-size: 14pt;\">Seg\u00fan fuentes diplom\u00e1ticas citadas por medios brasile\u00f1os, la presencia de Lula en la cumbre no tiene sentido porque Rusia fue excluida.<\/span><\/p>\n<p><span style=\"font-size: 14pt;\">Desde que arranc\u00f3 la operaci\u00f3n militar especial de Rusia en Ucrania, el presidente brasile\u00f1o siempre se mostr\u00f3 contrario a las sanciones contra Rusia y a favor de negociaciones entre los dos lados del conflicto.<\/span><\/p>\n","protected":false},"excerpt":{"rendered":"<p>El presidente brasile\u00f1o, Luiz In\u00e1cio Lula da Silva, rechaz\u00f3 la invitaci\u00f3n para participar en la cumbre sobre la situaci\u00f3n en<\/p>\n","protected":false},"author":4,"featured_media":37743,"comment_status":"closed","ping_status":"closed","sticky":false,"template":"","format":"standard","meta":{"colormag_page_container_layout":"default_layout","colormag_page_sidebar_layout":"default_layout","_jetpack_memberships_contains_paid_content":false,"footnotes":"","jetpack_publicize_message":"","jetpack_publicize_feature_enabled":true,"jetpack_social_post_already_shared":false,"jetpack_social_options":{"image_generator_settings":{"template":"highway","default_image_id":0,"font":"","enabled":false},"version":2}},"categories":[28],"tags":[404],"class_list":["post-37742","post","type-post","status-publish","format-standard","has-post-thumbnail","hentry","category-internacional","tag-lula-da-silva"],"jetpack_publicize_connections":[],"jetpack_featured_media_url":"https:\/\/i0.wp.com\/politicosaldesnudo.com.mx\/wp-content\/uploads\/2024\/05\/images-1-4.jpg?fit=300%2C168&ssl=1","jetpack-related-posts":[],"jetpack_sharing_enabled":true,"_links":{"self":[{"href":"https:\/\/politicosaldesnudo.com.mx\/index.php\/wp-json\/wp\/v2\/posts\/37742","targetHints":{"allow":["GET"]}}],"collection":[{"href":"https:\/\/politicosaldesnudo.com.mx\/index.php\/wp-json\/wp\/v2\/posts"}],"about":[{"href":"https:\/\/politicosaldesnudo.com.mx\/index.php\/wp-json\/wp\/v2\/types\/post"}],"author":[{"embeddable":true,"href":"https:\/\/politicosaldesnudo.com.mx\/index.php\/wp-json\/wp\/v2\/users\/4"}],"replies":[{"embeddable":true,"href":"https:\/\/politicosaldesnudo.com.mx\/index.php\/wp-json\/wp\/v2\/comments?post=37742"}],"version-history":[{"count":0,"href":"https:\/\/politicosaldesnudo.com.mx\/index.php\/wp-json\/wp\/v2\/posts\/37742\/revisions"}],"wp:featuredmedia":[{"embeddable":true,"href":"https:\/\/politicosaldesnudo.com.mx\/index.php\/wp-json\/wp\/v2\/media\/37743"}],"wp:attachment":[{"href":"https:\/\/politicosaldesnudo.com.mx\/index.php\/wp-json\/wp\/v2\/media?parent=37742"}],"wp:term":[{"taxonomy":"category","embeddable":true,"href":"https:\/\/politicosaldesnudo.com.mx\/index.php\/wp-json\/wp\/v2\/categories?post=37742"},{"taxonomy":"post_tag","embeddable":true,"href":"https:\/\/politicosaldesnudo.com.mx\/index.php\/wp-json\/wp\/v2\/tags?post=37742"}],"curies":[{"name":"wp","href":"https:\/\/api.w.org\/{rel}","templated":true}]}}