{"id":37745,"date":"2024-05-17T09:12:20","date_gmt":"2024-05-17T14:12:20","guid":{"rendered":"https:\/\/politicosaldesnudo.com.mx\/?p=37745"},"modified":"2024-05-17T09:12:20","modified_gmt":"2024-05-17T14:12:20","slug":"esta-pendiente-la-profesionalizacion-de-enfermeras-del-issste-sindicato","status":"publish","type":"post","link":"https:\/\/politicosaldesnudo.com.mx\/index.php\/2024\/05\/17\/esta-pendiente-la-profesionalizacion-de-enfermeras-del-issste-sindicato\/","title":{"rendered":"Est\u00e1 pendiente la profesionalizaci\u00f3n de enfermeras del ISSSTE: Sindicato"},"content":{"rendered":"<div class=\"content-body clearfix \">\n<div id=\"content-body-225-11929844\">\n<p><span style=\"font-size: 14pt;\">A\u00fan se cometen algunas injusticias en material laboral en el ISSSTE ya que m\u00e1s de\u00a07 mil enfermeras\u00a0del Instituto a nivel nacional\u00a0todav\u00eda cobran un salario de 6 horas, y se les paga como auxiliares de enfermer\u00eda aunque sean\u00a0licenciadas, maestras, tengan un doctorado\u00a0o bien sean l\u00edderes en sus \u00e1reas trabajan con muchas deficiencias en infraestructura.<\/span><\/p>\n<p><span style=\"font-size: 14pt;\">Ello lo coment\u00f3 la doctora\u00a0Norma Liliana Rodr\u00edguez Arg\u00fcelles, Presidenta del SNTISSSTE, al resaltar que las m\u00e1s de 30 mil enfermeras del ISSSTE, dijo, son las mejores del sector salud.<\/span><\/p>\n<\/div>\n<\/div>\n<article class=\"content-continued-body clearfix \">\n<div id=\"content-body-5851641-11929844\">\n<p><span style=\"font-size: 14pt;\">Asimismo, agradeci\u00f3 a las enfermeras por su dedicaci\u00f3n, cari\u00f1o a su profesi\u00f3n, entusiasmo, entrega, compromiso, cari\u00f1o y acompa\u00f1amiento que dan a los pacientes, que es lo \u00fanico que se llevan en su coraz\u00f3n, \u201clas enfermeras del ISSSTE\u00a0son el pilar de la salud en M\u00e9xico\u201d.<\/span><\/p>\n<p><span style=\"font-size: 14pt;\">La dirigente sindical afirm\u00f3 que el ISSSTE tiene un inminente\u00a0rezago en infraestructura y salarial. \u00abNo se me olvida que tenemos pendiente la profesionalizaci\u00f3n de enfermer\u00eda, no es v\u00e1lido que tengamos miles de enfermeras como especialistas y ganen como auxiliares, es una injusticia y lo hemos dicho aqu\u00ed, con las autoridades del ISSSTE, en la H. Junta Directiva y en la C\u00e1mara de Diputados y hasta que alguno nos escuche, hasta que se tenga la sensibilidad de entender que es inminente el rezago y tenemos que disminuirlo\u00bb.<\/span><\/p>\n<div class=\"mexico\nmedia \"><\/p>\n<div class=\"teaser \">\n<div class=\"img-container picture\"><span style=\"font-size: 14pt;\">A\u00f1adi\u00f3: \u00abnos duele un rezago en el ISSSTE muy importante en instalaciones, equipo m\u00e9dico, insumos y en capital humano, eso es solo en infraestructura en malas condiciones, porque el instituto es antiguo y no se le ha cuidado y no precisamente por los trabajadores porque han hecho lo humanamente posible, pero lo que vive el Instituto es un espejo de lo que los trabajadores tambi\u00e9n viven en un rezago salarial\u00bb.<\/span><\/div>\n<\/div>\n<\/div>\n<h2><span style=\"font-size: 14pt;\">Dan apoyo econ\u00f3mico a quienes se profesionalizan<\/span><\/h2>\n<div>\n<article class=\"mexico\nmedia col-md-4 inline-story \"><\/p>\n<div class=\"teaser \">\n<h4 class=\"title \"><\/h4>\n<\/div>\n<\/article>\n<\/div>\n<p><span style=\"font-size: 14pt;\">\u00abNosotros hemos solicitado en varias ocasiones a la Administraci\u00f3n del Instituto, anterior y actual, que se d\u00e9 el mismo trato, porque no podemos exigir un trato de primera si a nosotros nos tratan de segunda cuando tenemos la misma capacidad t\u00e9cnica y profesional que los dem\u00e1s\u201d, remarc\u00f3.<\/span><\/p>\n<p><span style=\"font-size: 14pt;\">Extern\u00f3 que s\u00ed, a veces es falta de presupuesto, pero a veces es m\u00e1s la falta de voluntad pol\u00edtica de apoyar a los trabajadores del ISSSTE, \u201cporque cuando se quiere se puede y vamos a insistir permanentemente hasta lograrlo\u201d.<\/span><\/p>\n<div class=\"ece_incoming\nmedia \"><\/p>\n<div class=\"teaser \">\n<div class=\"img-container picture\"><span style=\"font-size: 14pt;\">Igualmente, indic\u00f3 que el SNTISSSTE ha apostado a la capacitaci\u00f3n como una herramienta fundamental para dar excelencia en el servicio que se brinda; es precisamente\u00a0la capacitaci\u00f3n, la experiencia, el conocimiento y la actualizaci\u00f3n\u00a0lo que enriquece y los profesionales de la salud, en el caso de las enfermeras del ISSSTE son extraordinarias que hacen lo que pueden con lo que tienen, asever\u00f3.<\/span><\/div>\n<\/div>\n<\/div>\n<p><span style=\"font-size: 14pt;\">En el desarrollo de la inauguraci\u00f3n la doctora Rodr\u00edguez Arg\u00fcelles firm\u00f3 una alianza acad\u00e9mica con\u00a0Javier Isidro Rodr\u00edguez L\u00f3pez,\u00a0representante legal de Growing Up Foundation, organizaci\u00f3n colombiana que ha venido trabajando con el SNTISSSTE en el dise\u00f1o y elaboraci\u00f3n de actividades de capacitaci\u00f3n mediante la gesti\u00f3n del conocimiento y asesor\u00eda para fomentar el cambio de la cultura organizacional. Los testigos fueron los participantes del Congreso.<\/span><\/p>\n<\/div>\n<\/article>\n","protected":false},"excerpt":{"rendered":"<p>A\u00fan se cometen algunas injusticias en material laboral en el ISSSTE ya que m\u00e1s de\u00a07 mil enfermeras\u00a0del Instituto a nivel<\/p>\n","protected":false},"author":4,"featured_media":37746,"comment_status":"closed","ping_status":"closed","sticky":false,"template":"","format":"standard","meta":{"colormag_page_container_layout":"default_layout","colormag_page_sidebar_layout":"default_layout","_jetpack_memberships_contains_paid_content":false,"footnotes":"","jetpack_publicize_message":"","jetpack_publicize_feature_enabled":true,"jetpack_social_post_already_shared":false,"jetpack_social_options":{"image_generator_settings":{"template":"highway","default_image_id":0,"font":"","enabled":false},"version":2}},"categories":[33],"tags":[1886],"class_list":["post-37745","post","type-post","status-publish","format-standard","has-post-thumbnail","hentry","category-nacional","tag-issste"],"jetpack_publicize_connections":[],"jetpack_featured_media_url":"https:\/\/i0.wp.com\/politicosaldesnudo.com.mx\/wp-content\/uploads\/2024\/05\/Congreso-enfermeras-del-ISSSTE.png?fit=768%2C505&ssl=1","jetpack-related-posts":[],"jetpack_sharing_enabled":true,"_links":{"self":[{"href":"https:\/\/politicosaldesnudo.com.mx\/index.php\/wp-json\/wp\/v2\/posts\/37745","targetHints":{"allow":["GET"]}}],"collection":[{"href":"https:\/\/politicosaldesnudo.com.mx\/index.php\/wp-json\/wp\/v2\/posts"}],"about":[{"href":"https:\/\/politicosaldesnudo.com.mx\/index.php\/wp-json\/wp\/v2\/types\/post"}],"author":[{"embeddable":true,"href":"https:\/\/politicosaldesnudo.com.mx\/index.php\/wp-json\/wp\/v2\/users\/4"}],"replies":[{"embeddable":true,"href":"https:\/\/politicosaldesnudo.com.mx\/index.php\/wp-json\/wp\/v2\/comments?post=37745"}],"version-history":[{"count":0,"href":"https:\/\/politicosaldesnudo.com.mx\/index.php\/wp-json\/wp\/v2\/posts\/37745\/revisions"}],"wp:featuredmedia":[{"embeddable":true,"href":"https:\/\/politicosaldesnudo.com.mx\/index.php\/wp-json\/wp\/v2\/media\/37746"}],"wp:attachment":[{"href":"https:\/\/politicosaldesnudo.com.mx\/index.php\/wp-json\/wp\/v2\/media?parent=37745"}],"wp:term":[{"taxonomy":"category","embeddable":true,"href":"https:\/\/politicosaldesnudo.com.mx\/index.php\/wp-json\/wp\/v2\/categories?post=37745"},{"taxonomy":"post_tag","embeddable":true,"href":"https:\/\/politicosaldesnudo.com.mx\/index.php\/wp-json\/wp\/v2\/tags?post=37745"}],"curies":[{"name":"wp","href":"https:\/\/api.w.org\/{rel}","templated":true}]}}