{"id":37831,"date":"2024-05-19T01:25:19","date_gmt":"2024-05-19T06:25:19","guid":{"rendered":"https:\/\/politicosaldesnudo.com.mx\/?p=37831"},"modified":"2024-05-19T01:25:19","modified_gmt":"2024-05-19T06:25:19","slug":"bloquean-carretera-querato-san-luis-en-demanda-de-agua","status":"publish","type":"post","link":"https:\/\/politicosaldesnudo.com.mx\/index.php\/2024\/05\/19\/bloquean-carretera-querato-san-luis-en-demanda-de-agua\/","title":{"rendered":"Bloquean carretera Qu\u00e9rato-San Luis en demanda de agua"},"content":{"rendered":"<p><span style=\"font-size: 14pt;\">Pobladores de seis localidades de la Delegaci\u00f3n Santa Rosa J\u00e1uregui, ubicadas al noreste de la ciudad de Quer\u00e9taro, bloquearon la circulaci\u00f3n en ambos sentidos de la carretera Quer\u00e9taro-San Luis Potos\u00ed en demanda de agua potable.<\/span><\/p>\n<div class=\"teads-inread\">\n<div>\n<div id=\"teads0\" class=\"teads-player\"><span style=\"font-size: 14pt;\">El cierre fue en el tramo del kil\u00f3metro 34.5 de esa v\u00eda carretera que pasa por las inmediaciones de la localidad de El Jofrito, donde los vecinos colocaron piedras y atravesaron veh\u00edculos con leyendas como:\u00bbQueremos agua\u00bb y \u00abQueremos una soluci\u00f3n al problema del agua\u00bb.<\/span><\/div>\n<\/div>\n<\/div>\n<p><span style=\"font-size: 14pt;\">Al mediod\u00eda de este s\u00e1bado, tras sostener una reuni\u00f3n motivada por la falta de agua desde hace un mes, cerca de 200 pobladores de La Gotera, La Versolilla, Palo Alto, Jofre, Jofrito y de La Luz decidieron bloquear la v\u00eda.<\/span><\/p>\n<p><span style=\"font-size: 14pt;\">Representantes de la Comisi\u00f3n de Agua del estado de Quer\u00e9taro,de la Secretar\u00eda de Gobierno y de la presidencia municipal se presentaron en el lugar para entablar una mesa de negociaci\u00f3n con los pobladores.<\/span><\/p>\n<p><span style=\"font-size: 14pt;\">Los inconformes se\u00f1alaron que a pesar de que el agua es cobrada por empresas privadas, desde hace cuatro semanas el servicio ha sido muy deficiente por lo que carecen del vital l\u00edquido.<\/span><\/p>\n","protected":false},"excerpt":{"rendered":"<p>Pobladores de seis localidades de la Delegaci\u00f3n Santa Rosa J\u00e1uregui, ubicadas al noreste de la ciudad de Quer\u00e9taro, bloquearon la<\/p>\n","protected":false},"author":4,"featured_media":37832,"comment_status":"closed","ping_status":"closed","sticky":false,"template":"","format":"standard","meta":{"colormag_page_container_layout":"default_layout","colormag_page_sidebar_layout":"default_layout","_jetpack_memberships_contains_paid_content":false,"footnotes":"","jetpack_publicize_message":"","jetpack_publicize_feature_enabled":true,"jetpack_social_post_already_shared":false,"jetpack_social_options":{"image_generator_settings":{"template":"highway","default_image_id":0,"font":"","enabled":false},"version":2}},"categories":[30],"tags":[],"class_list":["post-37831","post","type-post","status-publish","format-standard","has-post-thumbnail","hentry","category-estados"],"jetpack_publicize_connections":[],"jetpack_featured_media_url":"https:\/\/i0.wp.com\/politicosaldesnudo.com.mx\/wp-content\/uploads\/2024\/05\/bloquean-carretera-querato-san-luis-en-demanda-de-agua-2005html-queretarojpg-7313html-5378df54-2c7a-40a9-aca7-4546196aa8e0.jpg?fit=1007%2C704&ssl=1","jetpack-related-posts":[],"jetpack_sharing_enabled":true,"_links":{"self":[{"href":"https:\/\/politicosaldesnudo.com.mx\/index.php\/wp-json\/wp\/v2\/posts\/37831","targetHints":{"allow":["GET"]}}],"collection":[{"href":"https:\/\/politicosaldesnudo.com.mx\/index.php\/wp-json\/wp\/v2\/posts"}],"about":[{"href":"https:\/\/politicosaldesnudo.com.mx\/index.php\/wp-json\/wp\/v2\/types\/post"}],"author":[{"embeddable":true,"href":"https:\/\/politicosaldesnudo.com.mx\/index.php\/wp-json\/wp\/v2\/users\/4"}],"replies":[{"embeddable":true,"href":"https:\/\/politicosaldesnudo.com.mx\/index.php\/wp-json\/wp\/v2\/comments?post=37831"}],"version-history":[{"count":0,"href":"https:\/\/politicosaldesnudo.com.mx\/index.php\/wp-json\/wp\/v2\/posts\/37831\/revisions"}],"wp:featuredmedia":[{"embeddable":true,"href":"https:\/\/politicosaldesnudo.com.mx\/index.php\/wp-json\/wp\/v2\/media\/37832"}],"wp:attachment":[{"href":"https:\/\/politicosaldesnudo.com.mx\/index.php\/wp-json\/wp\/v2\/media?parent=37831"}],"wp:term":[{"taxonomy":"category","embeddable":true,"href":"https:\/\/politicosaldesnudo.com.mx\/index.php\/wp-json\/wp\/v2\/categories?post=37831"},{"taxonomy":"post_tag","embeddable":true,"href":"https:\/\/politicosaldesnudo.com.mx\/index.php\/wp-json\/wp\/v2\/tags?post=37831"}],"curies":[{"name":"wp","href":"https:\/\/api.w.org\/{rel}","templated":true}]}}