{"id":37837,"date":"2024-05-19T01:33:12","date_gmt":"2024-05-19T06:33:12","guid":{"rendered":"https:\/\/politicosaldesnudo.com.mx\/?p=37837"},"modified":"2024-05-19T01:33:12","modified_gmt":"2024-05-19T06:33:12","slug":"cenace-vuelve-a-declarar-en-alerta-al-sistema-electrico","status":"publish","type":"post","link":"https:\/\/politicosaldesnudo.com.mx\/index.php\/2024\/05\/19\/cenace-vuelve-a-declarar-en-alerta-al-sistema-electrico\/","title":{"rendered":"Cenace vuelve a declarar en alerta al sistema el\u00e9ctrico"},"content":{"rendered":"<p><span style=\"font-size: 14pt;\">El sistema el\u00e9ctrico fue declarado en alerta en dos ocasiones este s\u00e1bado por el Centro Nacional de Control de Energ\u00eda (Cenace), lo cual ocurre despu\u00e9s de que report\u00f3 dos emergencias un d\u00eda antes.<\/span><\/p>\n<div class=\"teads-inread\">\n<div>\n<div id=\"teads0\" class=\"teads-player\"><span style=\"font-size: 14pt;\">\u201cA partir de las 05:43 horas del 18 de mayo de 2024 se declara estado operativo de alerta en el Sistema Interconectado Nacional (SIN), por lo que el Cenace llevar\u00e1 a cabo las acciones operativas conducentes\u201d, se\u00f1al\u00f3 el organismo.<\/span><\/div>\n<\/div>\n<\/div>\n<p><span style=\"font-size: 14pt;\">El \u00e1rea encargada de administrar el suministro de electricidad no dio por concluida la situaci\u00f3n, cuando a las 08:23 horas la red de energ\u00eda registr\u00f3 otra alerta.<\/span><\/p>\n<p><span style=\"font-size: 14pt;\">Los reportes del Cenace muestran que a las 16:02 horas concluy\u00f3 la primera alerta, mientras que a las 16:13 horas finaliz\u00f3 la segunda.<\/span><\/p>\n<p><span style=\"font-size: 14pt;\">El Cenace inform\u00f3 ayer que el viernes la emergencia se debi\u00f3 a una falla en una subestaci\u00f3n en la zona norte, mientras que el s\u00e1bado una l\u00ednea de transmisi\u00f3n qued\u00f3 fuera de servicio. Pese a ello, \u201cel suministro el\u00e9ctrico en el SIN se mantiene seguro y confiable\u201d.<\/span><\/p>\n<p><span style=\"font-size: 14pt;\">Una alerta es una medida preventiva que indica posibles riesgos operativos que surgen en el d\u00eda a d\u00eda durante la operaci\u00f3n del sistema el\u00e9ctrico nacional, el cual est\u00e1 compuesto por cuatro sistemas, uno de ellos es el SIN, que abastece de energ\u00eda a casi todo el territorio nacional.<\/span><\/p>\n<p><span style=\"font-size: 14pt;\">Cuando se presentan estas situaciones el Cenace se encarga de hacer una balance en el sistema, con el fin de evitar una emergencia, estado operativo que significa que el margen de reserva operativa \u2014el volumen de capacidad que siempre debe tenerse disponible para garantizar el equilibrio entre oferta y demanda de energ\u00eda el\u00e9ctrica\u2014 est\u00e1 en el l\u00edmite, es decir, 6 por ciento o inferior.<\/span><\/p>\n<p><span style=\"font-size: 14pt;\">S\u00f3lo en esta \u00faltima situaci\u00f3n es cuando el Cenace debe interrumpir la electricidad en algunas zonas. De acuerdo con las autoridades, los apagones s\u00f3lo se han hecho por entre 40 minutos y 2 horas.<\/span><\/p>\n<p><span style=\"font-size: 14pt;\">El viernes el Cenace declar\u00f3 dos veces emergencia en el transcurso del d\u00eda, as\u00ed como una alerta, aunque estas s\u00f3lo habr\u00edan afectado al noreste de la naci\u00f3n. Las alertas del s\u00e1bado tambi\u00e9n ocurrieron en la misma zona.<\/span><\/p>\n<p><span style=\"font-size: 14pt;\">Las incidencias en el SEN se deben a las altas temperaturas que se registran en M\u00e9xico, las cuales ocasionan que la poblaci\u00f3n encienda por m\u00e1s tiempo ventiladores, aires acondicionados u otros sistemas de enfriamiento, tanto en hogares, comercio, servicios e industria.<\/span><\/p>\n<p><span style=\"font-size: 14pt;\">Desde la noche del viernes, la generaci\u00f3n fue rebasada por la demanda. A las 3 de la ma\u00f1ana del s\u00e1bado el consumo fue de 41 mil 358 megawatts, mientras que la producci\u00f3n fue de 41 mil 296 megawatts.<\/span><\/p>\n<p><span style=\"font-size: 14pt;\">Despu\u00e9s de las 7 de la ma\u00f1ana del s\u00e1bado aument\u00f3 la generaci\u00f3n, lo cual coincide con la entrada de fuentes intermitentes como la solar.<\/span><\/p>\n<p><span style=\"font-size: 14pt;\">En el transcurso del d\u00eda la demanda y generaci\u00f3n fueron mayores a los pron\u00f3sticos, lo cual notorio a las 10 de la ma\u00f1ana.<\/span><\/p>\n<p><span style=\"font-size: 14pt;\">No obstante, a las 17 horas la producci\u00f3n se ubic\u00f3 en 44 mil 773 megawatts, mientras que la demanda se ubic\u00f3 en 44 mil 621 megawatts, en tanto que se preve\u00eda 44 mil 218 megawatts, dato que mostr\u00f3 una diferencia significativa.<\/span><\/p>\n<p><span style=\"font-size: 14pt;\">Se estimaba que la demanda m\u00e1xima se ubicar\u00eda en 46 mil 157 megawatts a las 9 de la noche, pero al final fue de 46 mil 673, mientras que la generaci\u00f3n fue de 46 mil 588.<\/span><\/p>\n<p><span style=\"font-size: 14pt;\">Es preciso recordar que el consumo es menor en fin de semana, pues varias industrias, centros laborales, de estudios, entre otros no tienen actividades.<\/span><\/p>\n","protected":false},"excerpt":{"rendered":"<p>El sistema el\u00e9ctrico fue declarado en alerta en dos ocasiones este s\u00e1bado por el Centro Nacional de Control de Energ\u00eda<\/p>\n","protected":false},"author":4,"featured_media":37838,"comment_status":"closed","ping_status":"closed","sticky":false,"template":"","format":"standard","meta":{"colormag_page_container_layout":"default_layout","colormag_page_sidebar_layout":"default_layout","_jetpack_memberships_contains_paid_content":false,"footnotes":"","jetpack_publicize_message":"","jetpack_publicize_feature_enabled":true,"jetpack_social_post_already_shared":false,"jetpack_social_options":{"image_generator_settings":{"template":"highway","default_image_id":0,"font":"","enabled":false},"version":2}},"categories":[2050],"tags":[],"class_list":["post-37837","post","type-post","status-publish","format-standard","has-post-thumbnail","hentry","category-economia"],"jetpack_publicize_connections":[],"jetpack_featured_media_url":"https:\/\/i0.wp.com\/politicosaldesnudo.com.mx\/wp-content\/uploads\/2024\/05\/Cenace-vuelve-a-declarar-en-alerta-al-sistema-electrico.jpg?fit=828%2C552&ssl=1","jetpack-related-posts":[],"jetpack_sharing_enabled":true,"_links":{"self":[{"href":"https:\/\/politicosaldesnudo.com.mx\/index.php\/wp-json\/wp\/v2\/posts\/37837","targetHints":{"allow":["GET"]}}],"collection":[{"href":"https:\/\/politicosaldesnudo.com.mx\/index.php\/wp-json\/wp\/v2\/posts"}],"about":[{"href":"https:\/\/politicosaldesnudo.com.mx\/index.php\/wp-json\/wp\/v2\/types\/post"}],"author":[{"embeddable":true,"href":"https:\/\/politicosaldesnudo.com.mx\/index.php\/wp-json\/wp\/v2\/users\/4"}],"replies":[{"embeddable":true,"href":"https:\/\/politicosaldesnudo.com.mx\/index.php\/wp-json\/wp\/v2\/comments?post=37837"}],"version-history":[{"count":0,"href":"https:\/\/politicosaldesnudo.com.mx\/index.php\/wp-json\/wp\/v2\/posts\/37837\/revisions"}],"wp:featuredmedia":[{"embeddable":true,"href":"https:\/\/politicosaldesnudo.com.mx\/index.php\/wp-json\/wp\/v2\/media\/37838"}],"wp:attachment":[{"href":"https:\/\/politicosaldesnudo.com.mx\/index.php\/wp-json\/wp\/v2\/media?parent=37837"}],"wp:term":[{"taxonomy":"category","embeddable":true,"href":"https:\/\/politicosaldesnudo.com.mx\/index.php\/wp-json\/wp\/v2\/categories?post=37837"},{"taxonomy":"post_tag","embeddable":true,"href":"https:\/\/politicosaldesnudo.com.mx\/index.php\/wp-json\/wp\/v2\/tags?post=37837"}],"curies":[{"name":"wp","href":"https:\/\/api.w.org\/{rel}","templated":true}]}}