{"id":37846,"date":"2024-05-19T01:41:04","date_gmt":"2024-05-19T06:41:04","guid":{"rendered":"https:\/\/politicosaldesnudo.com.mx\/?p=37846"},"modified":"2024-05-19T01:41:04","modified_gmt":"2024-05-19T06:41:04","slug":"cnte-dice-que-no-se-va-del-zocalo-al-menos-200-casas-de-campana-permanecen","status":"publish","type":"post","link":"https:\/\/politicosaldesnudo.com.mx\/index.php\/2024\/05\/19\/cnte-dice-que-no-se-va-del-zocalo-al-menos-200-casas-de-campana-permanecen\/","title":{"rendered":"CNTE dice que no se va del Z\u00f3calo: al menos 200 casas de campa\u00f1a permanecen"},"content":{"rendered":"<div class=\"content-body clearfix \">\n<div id=\"content-body-225-11936451\">\n<p><span style=\"font-size: 14pt;\">Desde\u00a0el 15 de mayo una plant\u00f3n de la Coordinadora Nacional de Trabajadores de la Educaci\u00f3n (CNTE) se instal\u00f3 en el Z\u00f3calo de la Ciudad de M\u00e9xico. Hasta este viernes al menos 200 casas de campa\u00f1a y otras carpas de mayor tama\u00f1o se asientan la plaza p\u00fablica.\u00a0Su principal demanda es el aumento salarial.<\/span><\/p>\n<p><span style=\"font-size: 14pt;\">Frente a un\u00a0Palacio Nacional\u00a0blindado con vallas met\u00e1licas,\u00a0cientos de maestros de la CNTE, mantienen un plant\u00f3n en el Z\u00f3calo de la Ciudad de M\u00e9xico\u00a0con numerosas demandas; entre ellas la\u00a0abrogaci\u00f3n de la Ley del ISSSTE de 2007,\u00a0y otras reformas en materia educativa.<\/span><\/p>\n<\/div>\n<\/div>\n<div class=\"advertisment \">\n<div id=\"dfp-nota-1x3s\" data-google-query-id=\"CJblgaWNmYYDFcozigMdZq0AyQ\">\n<div id=\"google_ads_iframe_\/2000002\/la-prensa\/mexico_nota_1x3_0__container__\"><span style=\"font-size: 14pt;\">El plant\u00f3n se instal\u00f3 el mi\u00e9rcoles, en coincidencia con el D\u00eda del Maestro, y aunque se prev\u00e9 una marcha de la Marea Rosa -en donde participar\u00e1 X\u00f3chitl G\u00e1lvez- el pr\u00f3ximo domingo, el magisterio afirma que no se mover\u00e1n del Z\u00f3calo capitalino.<\/span><\/div>\n<\/div>\n<\/div>\n<article class=\"content-continued-body clearfix \">\n<div id=\"content-body-5851641-11936451\">\n<p><span style=\"font-size: 14pt;\">Cuatro maestros, de secciones de Ciudad de M\u00e9xico, Oaxaca y Puebla, que participan en el plant\u00f3n dijeron a El Sol de M\u00e9xico que\u00a0su manifestaci\u00f3n durar\u00e1 hasta que el gobierno atienda sus demandas.<\/span><\/p>\n<p><span style=\"font-size: 14pt;\">Frente a la Catedral Metropolitana se ubican las secciones VII de Chiapas, la IX de Ciudad de M\u00e9xico, la cual es una de las portavoces del movimiento magisterial.<\/span><\/p>\n<p><span style=\"font-size: 14pt;\">Hacia la esquina de avenida 16 de septiembre est\u00e1n las secciones XVIII de Michoac\u00e1n.\u00a0La secci\u00f3n XIV de Guerrero mantiene unas 20 casas de campa\u00f1a\u00a0en torno al hasta bandera del Z\u00f3calo.<\/span><\/p>\n<div class=\"ece_incoming\nmedia \"><\/p>\n<div class=\"teaser \">\n<div class=\"img-container picture\">\n<div id=\"standard_4\" class=\"st-placement standard_4 inImageRestricted\">\n<div class=\"st-adunit st-adunit-tagged st-reset st-show\">\n<div class=\"st-adunit-ad st-reset\">\n<div class=\"st-display-render st-reset open 728x90\">\n<div class=\"st-canvas st-reset horizontal-static\"><span style=\"font-size: 14pt;\">Plant\u00f3n de la CNTE coincidir\u00e1 con la marcha de la Marea Rosa el domingo 19 de mayo. Foto: Aracely Mart\u00ednez \/ Ovaciones.<\/span><\/div>\n<\/div>\n<\/div>\n<\/div>\n<\/div>\n<\/div>\n<\/div>\n<\/div>\n<p><span style=\"font-size: 14pt;\">Las avenidas 20 de noviembre y Pino Su\u00e1rez, las cuales flanquean al Ayuntamiento de la Ciudad de M\u00e9xico, se mantienen cerradas. En esa esquina del Z\u00f3calo se ubica principalmente la secci\u00f3n XXII de Oaxaca, una de las m\u00e1s numerosas y en donde tambi\u00e9n se ofrece servicio m\u00e9dico al magisterio.<\/span><\/p>\n<p><span style=\"font-size: 14pt;\">Pese al plant\u00f3n de la Coordinadora, la vida cotidiana del Centro Hist\u00f3rico no se detiene. En el Z\u00f3calo una agrupaci\u00f3n tradicional de danza prehisp\u00e1nica se dio cita para realizar una ofrenda y puestos de venta de comida y artesan\u00edas permanecen abiertos para los cientos de personas que pasan caminando.<\/span><\/p>\n<p><span style=\"font-size: 14pt;\">Adem\u00e1s, en las vallas que resguardan el recinto del Poder Ejecutivo federal, se hacen visibles otras manifestaciones como pancartas de denuncia frente al genocidio en Palestina, un pa\u00eds de Oriente Medio.<\/span><\/p>\n<p><span style=\"font-size: 14pt;\">Y en otra esquina de la plaza una carpa contrasta con quienes se manifiestan, pues en esta se cuelgan lonas a favor del gobierno y se ofertan un sinf\u00edn de art\u00edculos al presidente Andr\u00e9s Manuel L\u00f3pez Obrador.<\/span><\/p>\n<\/div>\n<\/article>\n","protected":false},"excerpt":{"rendered":"<p>Desde\u00a0el 15 de mayo una plant\u00f3n de la Coordinadora Nacional de Trabajadores de la Educaci\u00f3n (CNTE) se instal\u00f3 en el<\/p>\n","protected":false},"author":4,"featured_media":37847,"comment_status":"closed","ping_status":"closed","sticky":false,"template":"","format":"standard","meta":{"colormag_page_container_layout":"default_layout","colormag_page_sidebar_layout":"default_layout","_jetpack_memberships_contains_paid_content":false,"footnotes":"","jetpack_publicize_message":"","jetpack_publicize_feature_enabled":true,"jetpack_social_post_already_shared":false,"jetpack_social_options":{"image_generator_settings":{"template":"highway","default_image_id":0,"font":"","enabled":false},"version":2}},"categories":[33],"tags":[3325],"class_list":["post-37846","post","type-post","status-publish","format-standard","has-post-thumbnail","hentry","category-nacional","tag-cnte"],"jetpack_publicize_connections":[],"jetpack_featured_media_url":"https:\/\/i0.wp.com\/politicosaldesnudo.com.mx\/wp-content\/uploads\/2024\/05\/Marea-Rosa.jpg?fit=1140%2C712&ssl=1","jetpack-related-posts":[],"jetpack_sharing_enabled":true,"_links":{"self":[{"href":"https:\/\/politicosaldesnudo.com.mx\/index.php\/wp-json\/wp\/v2\/posts\/37846","targetHints":{"allow":["GET"]}}],"collection":[{"href":"https:\/\/politicosaldesnudo.com.mx\/index.php\/wp-json\/wp\/v2\/posts"}],"about":[{"href":"https:\/\/politicosaldesnudo.com.mx\/index.php\/wp-json\/wp\/v2\/types\/post"}],"author":[{"embeddable":true,"href":"https:\/\/politicosaldesnudo.com.mx\/index.php\/wp-json\/wp\/v2\/users\/4"}],"replies":[{"embeddable":true,"href":"https:\/\/politicosaldesnudo.com.mx\/index.php\/wp-json\/wp\/v2\/comments?post=37846"}],"version-history":[{"count":0,"href":"https:\/\/politicosaldesnudo.com.mx\/index.php\/wp-json\/wp\/v2\/posts\/37846\/revisions"}],"wp:featuredmedia":[{"embeddable":true,"href":"https:\/\/politicosaldesnudo.com.mx\/index.php\/wp-json\/wp\/v2\/media\/37847"}],"wp:attachment":[{"href":"https:\/\/politicosaldesnudo.com.mx\/index.php\/wp-json\/wp\/v2\/media?parent=37846"}],"wp:term":[{"taxonomy":"category","embeddable":true,"href":"https:\/\/politicosaldesnudo.com.mx\/index.php\/wp-json\/wp\/v2\/categories?post=37846"},{"taxonomy":"post_tag","embeddable":true,"href":"https:\/\/politicosaldesnudo.com.mx\/index.php\/wp-json\/wp\/v2\/tags?post=37846"}],"curies":[{"name":"wp","href":"https:\/\/api.w.org\/{rel}","templated":true}]}}