{"id":37855,"date":"2024-05-19T01:50:07","date_gmt":"2024-05-19T06:50:07","guid":{"rendered":"https:\/\/politicosaldesnudo.com.mx\/?p=37855"},"modified":"2024-05-19T01:50:07","modified_gmt":"2024-05-19T06:50:07","slug":"unam-y-politecnico-coordinaran-acciones-para-erradicar-a-grupos-porriles","status":"publish","type":"post","link":"https:\/\/politicosaldesnudo.com.mx\/index.php\/2024\/05\/19\/unam-y-politecnico-coordinaran-acciones-para-erradicar-a-grupos-porriles\/","title":{"rendered":"UNAM y Polit\u00e9cnico coordinar\u00e1n acciones para erradicar a grupos porriles"},"content":{"rendered":"<div class=\"content-body clearfix \">\n<div id=\"content-body-225-11934705\">\n<p><span style=\"font-size: 14pt;\">El rector de la UNAM,\u00a0<b>Leonardo Lomel\u00ed, inform\u00f3 que la instituci\u00f3n se coordinar\u00e1 con otras casas de estudio, como el IPN, y con autoridades capitalinas y mexiquenses para erradicar a los grupos porriles\u00a0<\/b>que agreden a la comunidad estudiantil.<\/span><\/p>\n<p><span style=\"font-size: 14pt;\">\u201cReconociendo la complejidad del problema y la necesidad de sumar esfuerzos, he establecido comunicaci\u00f3n con el director general del Instituto Polit\u00e9cnico Nacional, doctor Arturo Reyes Sandoval, y hemos acordado coordinarnos con otras instituciones educativas; con los gobiernos de la Ciudad de M\u00e9xico, del Estado de M\u00e9xico, y de las alcald\u00edas y municipios respectivos, a fin de erradicar a los grupos que violentan impunemente\u201d, indic\u00f3 en un comunicado.<\/span><\/p>\n<\/div>\n<\/div>\n<div id=\"smart-video\"><span style=\"font-size: 14pt;\">Lomel\u00ed tambi\u00e9n <b>expres\u00f3 su rechazo institucional a todos los grupos de presi\u00f3n que agreden a los estudiantes,\u00a0<\/b>especialmente a los de bachillerato, luego de que el pasado 8 de mayo un alumno de la FES Acatl\u00e1n perdiera la vida tras un enfrentamiento entre porros en el CCH Naucalpan.<\/span><\/div>\n<article class=\"content-continued-body clearfix \">\n<div id=\"content-body-5851641-11934705\">\n<p><span style=\"font-size: 14pt;\">\u201cDesde la Rector\u00eda de la UNAM expresamos nuestro m\u00e1s profundo y enf\u00e1tico rechazo a todos los grupos de presi\u00f3n que, desde el anonimato o enfundados en el disfraz de la \u201canimaci\u00f3n deportiva\u201d, agreden e intimidan a nuestra poblaci\u00f3n estudiantil, particularmente en el bachillerato\u201d, se\u00f1al\u00f3.<\/span><\/p>\n<p><span style=\"font-size: 14pt;\">El acad\u00e9mico extendi\u00f3 la invitaci\u00f3n para trabajar en conjunto y combatir el problema, que asegur\u00f3, padecen desde hace d\u00e9cadas los j\u00f3venes de la Zona Metropolitana del Valle de M\u00e9xico.<\/span><\/p>\n<p><span style=\"font-size: 14pt;\"><span class=\"quote\">Se trata de un antiguo y da\u00f1ino mal que aparece de manera recurrente y lleva a cabo acciones il\u00edcitas, de violencia y acoso en los planteles de educaci\u00f3n media superior, que las autoridades universitarias no estamos dispuestas a tolerar <\/span><span class=\"cite\">enfatiz\u00f3 Lomel\u00ed<\/span><\/span><\/p>\n<p><span style=\"font-size: 14pt;\">El lunes pasado, cientos de estudiantes y padres de familia se manifestaron afuera del Palacio Municipal de Naucalpan en contra de la presencia de porros en los planteles.<\/span><\/p>\n<p><span style=\"font-size: 14pt;\">Tambi\u00e9n reclamaron que la muerte del alumno \u00d3scar Yael no sea considerada como homicidio, luego de que la Fiscal\u00eda mexiquense inform\u00f3 que falleci\u00f3 debido a una afecci\u00f3n cardiaca.<\/span><\/p>\n<\/div>\n<\/article>\n","protected":false},"excerpt":{"rendered":"<p>El rector de la UNAM,\u00a0Leonardo Lomel\u00ed, inform\u00f3 que la instituci\u00f3n se coordinar\u00e1 con otras casas de estudio, como el IPN,<\/p>\n","protected":false},"author":4,"featured_media":37856,"comment_status":"closed","ping_status":"closed","sticky":false,"template":"","format":"standard","meta":{"colormag_page_container_layout":"default_layout","colormag_page_sidebar_layout":"default_layout","_jetpack_memberships_contains_paid_content":false,"footnotes":"","jetpack_publicize_message":"","jetpack_publicize_feature_enabled":true,"jetpack_social_post_already_shared":false,"jetpack_social_options":{"image_generator_settings":{"template":"highway","default_image_id":0,"font":"","enabled":false},"version":2}},"categories":[33],"tags":[3474],"class_list":["post-37855","post","type-post","status-publish","format-standard","has-post-thumbnail","hentry","category-nacional","tag-porros"],"jetpack_publicize_connections":[],"jetpack_featured_media_url":"https:\/\/i0.wp.com\/politicosaldesnudo.com.mx\/wp-content\/uploads\/2024\/05\/fuera-porros-unam.jpg?fit=768%2C479&ssl=1","jetpack-related-posts":[],"jetpack_sharing_enabled":true,"_links":{"self":[{"href":"https:\/\/politicosaldesnudo.com.mx\/index.php\/wp-json\/wp\/v2\/posts\/37855","targetHints":{"allow":["GET"]}}],"collection":[{"href":"https:\/\/politicosaldesnudo.com.mx\/index.php\/wp-json\/wp\/v2\/posts"}],"about":[{"href":"https:\/\/politicosaldesnudo.com.mx\/index.php\/wp-json\/wp\/v2\/types\/post"}],"author":[{"embeddable":true,"href":"https:\/\/politicosaldesnudo.com.mx\/index.php\/wp-json\/wp\/v2\/users\/4"}],"replies":[{"embeddable":true,"href":"https:\/\/politicosaldesnudo.com.mx\/index.php\/wp-json\/wp\/v2\/comments?post=37855"}],"version-history":[{"count":0,"href":"https:\/\/politicosaldesnudo.com.mx\/index.php\/wp-json\/wp\/v2\/posts\/37855\/revisions"}],"wp:featuredmedia":[{"embeddable":true,"href":"https:\/\/politicosaldesnudo.com.mx\/index.php\/wp-json\/wp\/v2\/media\/37856"}],"wp:attachment":[{"href":"https:\/\/politicosaldesnudo.com.mx\/index.php\/wp-json\/wp\/v2\/media?parent=37855"}],"wp:term":[{"taxonomy":"category","embeddable":true,"href":"https:\/\/politicosaldesnudo.com.mx\/index.php\/wp-json\/wp\/v2\/categories?post=37855"},{"taxonomy":"post_tag","embeddable":true,"href":"https:\/\/politicosaldesnudo.com.mx\/index.php\/wp-json\/wp\/v2\/tags?post=37855"}],"curies":[{"name":"wp","href":"https:\/\/api.w.org\/{rel}","templated":true}]}}