{"id":37858,"date":"2024-05-19T01:51:53","date_gmt":"2024-05-19T06:51:53","guid":{"rendered":"https:\/\/politicosaldesnudo.com.mx\/?p=37858"},"modified":"2024-05-19T01:51:53","modified_gmt":"2024-05-19T06:51:53","slug":"jovenes-tuxpenos-externan-inquietudes-en-foro-politico-de-reyes-heroles","status":"publish","type":"post","link":"https:\/\/politicosaldesnudo.com.mx\/index.php\/2024\/05\/19\/jovenes-tuxpenos-externan-inquietudes-en-foro-politico-de-reyes-heroles\/","title":{"rendered":"J\u00f3venes tuxpe\u00f1os externan inquietudes en foro pol\u00edtico de \u201cReyes Heroles\u201d"},"content":{"rendered":"<p><span style=\"font-size: 14pt;\">Una agenda con mayor oportunidad para los j\u00f3venes, fue el tema central del foro que este viernes se llev\u00f3 a cabo en el Casino Ganadero de Tuxpan organizado\u00a0 por\u00a0 integrantes del Instituto \u00abReyes Heroles\u00bb del Partido Revolucionario Institucional y al cual fueron invitados candidatos a la diputaci\u00f3n federal y local por el Distrito 5 y 3 respectivamente de la coalici\u00f3n Fuerza y Coraz\u00f3n por Veracruz.<\/span><\/p>\n<p><span style=\"font-size: 14pt;\">De acuerdo a representantes del Instituto el foro abordo los temas de Abuso de Poder, Salud Mental, Desempleo y Diversidad Sexual; fue dirigido a los j\u00f3venes tuxpe\u00f1os quienes externaron las principales situaciones que tienen que enfrentar no solo la falta de fuentes de trabajo, sino tambi\u00e9n el acceso a las ya existentes as\u00ed como la discriminaci\u00f3n e inseguridad.<\/span><\/p>\n<p><span style=\"font-size: 14pt;\">Por su parte los candidatos de Fuerza y Coraz\u00f3n por Veracruz coincidieron con los presentes y afirmaron que estos puntos est\u00e1n considerados en la agenda de trabajo tanto de los legisladores como de la gubernatura de Veracruz, la cual es encabezada por Pepe Yunes, al ser este grupo uno de los principales sectores de atenci\u00f3n para evitar escenarios como la constante migraci\u00f3n en el estado por falta de oportunidad laboral, como se ha observado con mayor \u00e9nfasis en los \u00faltimos cuatro a\u00f1os.<\/span><\/p>\n","protected":false},"excerpt":{"rendered":"<p>Una agenda con mayor oportunidad para los j\u00f3venes, fue el tema central del foro que este viernes se llev\u00f3 a<\/p>\n","protected":false},"author":4,"featured_media":37859,"comment_status":"closed","ping_status":"closed","sticky":false,"template":"","format":"standard","meta":{"colormag_page_container_layout":"default_layout","colormag_page_sidebar_layout":"default_layout","_jetpack_memberships_contains_paid_content":false,"footnotes":"","jetpack_publicize_message":"","jetpack_publicize_feature_enabled":true,"jetpack_social_post_already_shared":false,"jetpack_social_options":{"image_generator_settings":{"template":"highway","default_image_id":0,"font":"","enabled":false},"version":2}},"categories":[1082],"tags":[],"class_list":["post-37858","post","type-post","status-publish","format-standard","has-post-thumbnail","hentry","category-tuxpan"],"jetpack_publicize_connections":[],"jetpack_featured_media_url":"https:\/\/i0.wp.com\/politicosaldesnudo.com.mx\/wp-content\/uploads\/2024\/05\/jovenes-tuxpenos-externar-inquietudes-en-foro-politico-de-reyes-heroles-519945.jpeg?fit=800%2C600&ssl=1","jetpack-related-posts":[],"jetpack_sharing_enabled":true,"_links":{"self":[{"href":"https:\/\/politicosaldesnudo.com.mx\/index.php\/wp-json\/wp\/v2\/posts\/37858","targetHints":{"allow":["GET"]}}],"collection":[{"href":"https:\/\/politicosaldesnudo.com.mx\/index.php\/wp-json\/wp\/v2\/posts"}],"about":[{"href":"https:\/\/politicosaldesnudo.com.mx\/index.php\/wp-json\/wp\/v2\/types\/post"}],"author":[{"embeddable":true,"href":"https:\/\/politicosaldesnudo.com.mx\/index.php\/wp-json\/wp\/v2\/users\/4"}],"replies":[{"embeddable":true,"href":"https:\/\/politicosaldesnudo.com.mx\/index.php\/wp-json\/wp\/v2\/comments?post=37858"}],"version-history":[{"count":0,"href":"https:\/\/politicosaldesnudo.com.mx\/index.php\/wp-json\/wp\/v2\/posts\/37858\/revisions"}],"wp:featuredmedia":[{"embeddable":true,"href":"https:\/\/politicosaldesnudo.com.mx\/index.php\/wp-json\/wp\/v2\/media\/37859"}],"wp:attachment":[{"href":"https:\/\/politicosaldesnudo.com.mx\/index.php\/wp-json\/wp\/v2\/media?parent=37858"}],"wp:term":[{"taxonomy":"category","embeddable":true,"href":"https:\/\/politicosaldesnudo.com.mx\/index.php\/wp-json\/wp\/v2\/categories?post=37858"},{"taxonomy":"post_tag","embeddable":true,"href":"https:\/\/politicosaldesnudo.com.mx\/index.php\/wp-json\/wp\/v2\/tags?post=37858"}],"curies":[{"name":"wp","href":"https:\/\/api.w.org\/{rel}","templated":true}]}}