{"id":37973,"date":"2024-05-20T13:38:27","date_gmt":"2024-05-20T18:38:27","guid":{"rendered":"https:\/\/politicosaldesnudo.com.mx\/?p=37973"},"modified":"2024-05-20T13:38:27","modified_gmt":"2024-05-20T18:38:27","slug":"en-lunes-civico-conmemoran-el-dia-del-estudiante","status":"publish","type":"post","link":"https:\/\/politicosaldesnudo.com.mx\/index.php\/2024\/05\/20\/en-lunes-civico-conmemoran-el-dia-del-estudiante\/","title":{"rendered":"En lunes c\u00edvico conmemoran el D\u00eda del Estudiante"},"content":{"rendered":"<p><span style=\"font-size: 14pt;\">Esta ma\u00f1ana en la explanada municipal se llev\u00f3 a cabo el Lunes C\u00edvico en el marco de la conmemoraci\u00f3n por el D\u00eda del Estudiante, que se celebra el pr\u00f3ximo 23 de mayo.<\/span><\/p>\n<p><span style=\"font-size: 14pt;\">Participaron alumnas y alumnos de la escuela primaria \u201cSalvador D\u00edaz Mir\u00f3n\u201d, quienes presentaron las efem\u00e9rides de esta semana y una rese\u00f1a alusiva al \u201cD\u00eda del Estudiante\u201d, fecha que rememora el movimiento estudiantil de 1929, el cual fue fundamental para que la UNAM obtuviera su autonom\u00eda.<\/span><\/p>\n<p><span style=\"font-size: 14pt;\">El acto estuvo encabezado por el Prof. Jorge Arturo Garc\u00eda Robles, director de Educaci\u00f3n, en representaci\u00f3n del alcalde Jos\u00e9 Manuel Pozos Castro; el capit\u00e1n segundo de Zapadores Antonio Manzano Arellanes, en representaci\u00f3n de la 19\u00aa Zona Militar.<\/span><\/p>\n<p><span style=\"font-size: 14pt;\">La Lic. Estefani Isabel Cobos, representante de la Regidur\u00eda S\u00e9ptima comisionada en Educaci\u00f3n; la Lic. Mar\u00eda In\u00e9s Cruz Velazco, en representaci\u00f3n de la Delegaci\u00f3n Regional de la SEV en Tuxpan; la Mtra. Mar\u00eda de la Soledad Miquelajauregui Guzm\u00e1n y la Profa. Lizbeth Noguera Fern\u00e1ndez, directora de la primaria \u201cSalvador D\u00edaz Mir\u00f3n\u201d.<\/span><\/p>\n<p><span style=\"font-size: 14pt;\">Al acto c\u00edvico tambi\u00e9n asistieron padres de familia, personal docente y administrativo de la escuela participante; as\u00ed como elementos de la Polic\u00eda Municipal y del 5\u00ba Batall\u00f3n de Ingenieros de Combate de Cerro Azul.<\/span><\/p>\n<p><span style=\"font-size: 14pt;\">*Esta informaci\u00f3n es con fines de transparencia y operatividad de las acciones de gobierno de servicio a la poblaci\u00f3n, no puede usarse ni atribuirse a ning\u00fan partido pol\u00edtico con fines electorales o de promoci\u00f3n.<\/span><\/p>\n","protected":false},"excerpt":{"rendered":"<p>Esta ma\u00f1ana en la explanada municipal se llev\u00f3 a cabo el Lunes C\u00edvico en el marco de la conmemoraci\u00f3n por<\/p>\n","protected":false},"author":4,"featured_media":37974,"comment_status":"closed","ping_status":"closed","sticky":false,"template":"","format":"standard","meta":{"colormag_page_container_layout":"default_layout","colormag_page_sidebar_layout":"default_layout","_jetpack_memberships_contains_paid_content":false,"footnotes":"","jetpack_publicize_message":"","jetpack_publicize_feature_enabled":true,"jetpack_social_post_already_shared":false,"jetpack_social_options":{"image_generator_settings":{"template":"highway","default_image_id":0,"font":"","enabled":false},"version":2}},"categories":[3205,1082],"tags":[],"class_list":["post-37973","post","type-post","status-publish","format-standard","has-post-thumbnail","hentry","category-gobierno-tuxpan","category-tuxpan"],"jetpack_publicize_connections":[],"jetpack_featured_media_url":"https:\/\/i0.wp.com\/politicosaldesnudo.com.mx\/wp-content\/uploads\/2024\/05\/e31b99f2-771c-4ec9-84cc-c374734da332.jpg?fit=1280%2C851&ssl=1","jetpack-related-posts":[],"jetpack_sharing_enabled":true,"_links":{"self":[{"href":"https:\/\/politicosaldesnudo.com.mx\/index.php\/wp-json\/wp\/v2\/posts\/37973","targetHints":{"allow":["GET"]}}],"collection":[{"href":"https:\/\/politicosaldesnudo.com.mx\/index.php\/wp-json\/wp\/v2\/posts"}],"about":[{"href":"https:\/\/politicosaldesnudo.com.mx\/index.php\/wp-json\/wp\/v2\/types\/post"}],"author":[{"embeddable":true,"href":"https:\/\/politicosaldesnudo.com.mx\/index.php\/wp-json\/wp\/v2\/users\/4"}],"replies":[{"embeddable":true,"href":"https:\/\/politicosaldesnudo.com.mx\/index.php\/wp-json\/wp\/v2\/comments?post=37973"}],"version-history":[{"count":0,"href":"https:\/\/politicosaldesnudo.com.mx\/index.php\/wp-json\/wp\/v2\/posts\/37973\/revisions"}],"wp:featuredmedia":[{"embeddable":true,"href":"https:\/\/politicosaldesnudo.com.mx\/index.php\/wp-json\/wp\/v2\/media\/37974"}],"wp:attachment":[{"href":"https:\/\/politicosaldesnudo.com.mx\/index.php\/wp-json\/wp\/v2\/media?parent=37973"}],"wp:term":[{"taxonomy":"category","embeddable":true,"href":"https:\/\/politicosaldesnudo.com.mx\/index.php\/wp-json\/wp\/v2\/categories?post=37973"},{"taxonomy":"post_tag","embeddable":true,"href":"https:\/\/politicosaldesnudo.com.mx\/index.php\/wp-json\/wp\/v2\/tags?post=37973"}],"curies":[{"name":"wp","href":"https:\/\/api.w.org\/{rel}","templated":true}]}}