{"id":37993,"date":"2024-05-21T07:45:54","date_gmt":"2024-05-21T12:45:54","guid":{"rendered":"https:\/\/politicosaldesnudo.com.mx\/?p=37993"},"modified":"2024-05-21T07:45:54","modified_gmt":"2024-05-21T12:45:54","slug":"se-prepara-proteccion-civil-tuxpan-para-temporada-de-huracanes","status":"publish","type":"post","link":"https:\/\/politicosaldesnudo.com.mx\/index.php\/2024\/05\/21\/se-prepara-proteccion-civil-tuxpan-para-temporada-de-huracanes\/","title":{"rendered":"Se prepara Protecci\u00f3n Civil Tuxpan para temporada de Huracanes"},"content":{"rendered":"<p><span style=\"font-size: 14pt;\">Autoridades de Protecci\u00f3n Civil en Tuxpan se\u00f1alaron que se mantienen en coordinaci\u00f3n con la Secretar\u00eda de Protecci\u00f3n Civil a nivel Nacional y Estatal, ante la llegada de la temporada de huracanes y ciclones, la cual inici\u00f3 el 15 de mayo en el Pacifico y comenzar\u00e1 el 1 de Junio en el Atl\u00e1ntico .<\/span><\/p>\n<p><span style=\"font-size: 14pt;\">Rene Tellez Medina, Director de tal corporaci\u00f3n se\u00f1alo que de acuerdo a informaci\u00f3n de la Comisi\u00f3n Nacional del Agua (CONAGUA), se espera una temporada m\u00e1s activa de lo habitual en cuanto a estos fen\u00f3menos meteorol\u00f3gicos, por lo que han focalizado los puntos m\u00e1s susceptibles a sufrir inundaciones en el municipio, entre los que se encuentran la Colonia Villa Rosita dos, Infonavit Canaco, colonia la Calzada, la calle Cuitl\u00e1huac y algunas zonas de la colonia centro.<\/span><\/p>\n<p><span style=\"font-size: 14pt;\">Indic\u00f3 que desde el mes de enero iniciaron con trabajos de desazolve en los registros y drenes en coordinaci\u00f3n con la Comisi\u00f3n del Agua del Estado de Veracruz, con la finalidad de prevenir estas inundaciones.<\/span><\/p>\n<p><span style=\"font-size: 14pt;\">Finalmente se\u00f1al\u00f3 que durante el mes de Junio desarrollaran una serie de simulacros de Huracanes con el sector hotelero y la Secretar\u00eda de Marina con el fin de informar c\u00f3mo actuar ante estos desastres naturales, as\u00ed mismo exhort\u00f3 a la ciudadan\u00eda a seguir \u00fanicamente la informaci\u00f3n oficial por parte de la Secretar\u00eda de Protecci\u00f3n Civil y evitar difundir mensajes fa<\/span><\/p>\n","protected":false},"excerpt":{"rendered":"<p>Autoridades de Protecci\u00f3n Civil en Tuxpan se\u00f1alaron que se mantienen en coordinaci\u00f3n con la Secretar\u00eda de Protecci\u00f3n Civil a nivel<\/p>\n","protected":false},"author":4,"featured_media":37994,"comment_status":"closed","ping_status":"closed","sticky":false,"template":"","format":"standard","meta":{"colormag_page_container_layout":"default_layout","colormag_page_sidebar_layout":"default_layout","_jetpack_memberships_contains_paid_content":false,"footnotes":"","jetpack_publicize_message":"","jetpack_publicize_feature_enabled":true,"jetpack_social_post_already_shared":false,"jetpack_social_options":{"image_generator_settings":{"template":"highway","default_image_id":0,"font":"","enabled":false},"version":2}},"categories":[1082],"tags":[],"class_list":["post-37993","post","type-post","status-publish","format-standard","has-post-thumbnail","hentry","category-tuxpan"],"jetpack_publicize_connections":[],"jetpack_featured_media_url":"https:\/\/i0.wp.com\/politicosaldesnudo.com.mx\/wp-content\/uploads\/2024\/05\/se-prepara-proteccion-civil-por-inicio-de-temporada-de-huracanes-518949.jpeg?fit=800%2C600&ssl=1","jetpack-related-posts":[],"jetpack_sharing_enabled":true,"_links":{"self":[{"href":"https:\/\/politicosaldesnudo.com.mx\/index.php\/wp-json\/wp\/v2\/posts\/37993","targetHints":{"allow":["GET"]}}],"collection":[{"href":"https:\/\/politicosaldesnudo.com.mx\/index.php\/wp-json\/wp\/v2\/posts"}],"about":[{"href":"https:\/\/politicosaldesnudo.com.mx\/index.php\/wp-json\/wp\/v2\/types\/post"}],"author":[{"embeddable":true,"href":"https:\/\/politicosaldesnudo.com.mx\/index.php\/wp-json\/wp\/v2\/users\/4"}],"replies":[{"embeddable":true,"href":"https:\/\/politicosaldesnudo.com.mx\/index.php\/wp-json\/wp\/v2\/comments?post=37993"}],"version-history":[{"count":0,"href":"https:\/\/politicosaldesnudo.com.mx\/index.php\/wp-json\/wp\/v2\/posts\/37993\/revisions"}],"wp:featuredmedia":[{"embeddable":true,"href":"https:\/\/politicosaldesnudo.com.mx\/index.php\/wp-json\/wp\/v2\/media\/37994"}],"wp:attachment":[{"href":"https:\/\/politicosaldesnudo.com.mx\/index.php\/wp-json\/wp\/v2\/media?parent=37993"}],"wp:term":[{"taxonomy":"category","embeddable":true,"href":"https:\/\/politicosaldesnudo.com.mx\/index.php\/wp-json\/wp\/v2\/categories?post=37993"},{"taxonomy":"post_tag","embeddable":true,"href":"https:\/\/politicosaldesnudo.com.mx\/index.php\/wp-json\/wp\/v2\/tags?post=37993"}],"curies":[{"name":"wp","href":"https:\/\/api.w.org\/{rel}","templated":true}]}}