{"id":3809,"date":"2022-04-13T05:27:00","date_gmt":"2022-04-13T10:27:00","guid":{"rendered":"https:\/\/politicosaldesnudo.com.mx\/?p=3809"},"modified":"2022-04-13T05:27:00","modified_gmt":"2022-04-13T10:27:00","slug":"impunidad-casi-absoluta","status":"publish","type":"post","link":"https:\/\/politicosaldesnudo.com.mx\/index.php\/2022\/04\/13\/impunidad-casi-absoluta\/","title":{"rendered":"Impunidad casi absoluta"},"content":{"rendered":"<p>&nbsp;<\/p>\n<p class=\"p1\"><strong><span style=\"font-size: 14pt;\">Por Aurelio Contreras Moreno<\/span><\/strong><\/p>\n<p class=\"p1\"><span style=\"font-size: 14pt;\">Todav\u00eda con la resaca del fiasco de la consulta de revocaci\u00f3n de mandato, el presidente Andr\u00e9s Manuel L\u00f3pez Obrador se sac\u00f3 de la manga un en\u00e9simo informe de actividades, el primero de 2022, en su af\u00e1n cotidiano de cubrir con propaganda la ausencia de resultados reales.<\/span><\/p>\n<p class=\"p1\"><span style=\"font-size: 14pt;\">Con todo y eso, no le qued\u00f3 de otra m\u00e1s que reconocer tendencias a la alza en delitos graves, como el de feminicidio, que creci\u00f3 15 por ciento; extorsi\u00f3n, 40 por ciento, y robo en transporte p\u00fablico individual en un 22 por ciento.<span class=\"Apple-converted-space\">\u00a0<\/span><\/span><\/p>\n<p class=\"p1\"><span style=\"font-size: 14pt;\">El presidente afirm\u00f3 que \u201ctodo este esfuerzo para conseguir la paz\u201d es \u201csin violaciones a derechos humanos. Sin involucramiento en masacres, sin desapariciones forzadas, como ocurr\u00eda antes\u201d.<\/span><\/p>\n<p class=\"p1\"><span style=\"font-size: 14pt;\">Parece que nadie le avis\u00f3 que horas antes, el Comit\u00e9 contra las Desapariciones Forzadas de la ONU\u00a0public\u00f3 un demoledor informe sobre esa situaci\u00f3n en particular, producto de la visita que realiz\u00f3 a M\u00e9xico en noviembre del a\u00f1o pasado, cuando recorri\u00f3 13 estados \u2013Veracruz incluido-, sostuvo reuniones con m\u00e1s de 85 instituciones de los poderes Ejecutivo, Legislativo y Judicial, as\u00ed como con organismos aut\u00f3nomos, cientos de v\u00edctimas y decenas de organizaciones de la sociedad civil.<\/span><\/p>\n<p class=\"p1\"><span style=\"font-size: 14pt;\">Lo reportado por el Comit\u00e9 de la ONU refleja lo que en realidad est\u00e1 pasando en el pa\u00eds. Al 26 de noviembre de 2021 \u2013cuando concluy\u00f3 la visita- hab\u00eda 95 mil 121 personas registradas como desaparecidas. Pero de \u00e9stas, se agregaron 112 desapariciones durante el tiempo que estuvo la misi\u00f3n de Naciones Unidas en M\u00e9xico.<span class=\"Apple-converted-space\">\u00a0<\/span><\/span><\/p>\n<p class=\"p1\"><span style=\"font-size: 14pt;\">Adem\u00e1s, de acuerdo con el Registro Nacional de Personas Desaparecidas, hubo ocho mil casos nuevos cada a\u00f1o en los \u00faltimos cinco a\u00f1os. Tres de los cuales, por supuesto, corresponden a la actual administraci\u00f3n, cuyo titular se jacta de que eso ya no sucede \u201ccomo ocurr\u00eda antes\u201d.<\/span><\/p>\n<p class=\"p1\"><span style=\"font-size: 14pt;\">No solo sigue sucediendo, sino que el Estado sigue siendo parte activa de las desapariciones forzadas. La ONU enfatiz\u00f3 que \u201cla delincuencia organizada se ha convertido en un perpetrador central de desapariciones en M\u00e9xico, con diversos grados de participaci\u00f3n, aquiescencia u omisi\u00f3n de servidores p\u00fablicos. Los Estados parte son responsables de las desapariciones forzadas cometidas por los servidores p\u00fablicos, pero tambi\u00e9n pueden ser responsables de las desapariciones cometidas por organizaciones criminales\u201d.<\/span><\/p>\n<p class=\"p1\"><span style=\"font-size: 14pt;\">El informe refiere asimismo que \u201clas desapariciones siguen afectando principalmente a hombres de entre 15 y 40 a\u00f1os. No obstante, las cifras oficiales muestran un aumento notable de las desapariciones de ni\u00f1os y ni\u00f1as a partir de los 12 a\u00f1os, as\u00ed como de adolescentes y mujeres, tendencia que se agudiz\u00f3 en el contexto de la pandemia de la enfermedad por coronavirus. V\u00edctimas y autoridades tambi\u00e9n reportaron desapariciones que ten\u00edan por objetivo la trata y explotaci\u00f3n sexual\u201d.<\/span><\/p>\n<p class=\"p1\"><span style=\"font-size: 14pt;\">La ONU tambi\u00e9n mostr\u00f3 preocupaci\u00f3n por la situaci\u00f3n de los defensores de los derechos humanos, algunos de los cuales \u201chan sido desaparecidos por su participaci\u00f3n en b\u00fasquedas y lucha contra las desapariciones\u201d. Y cuestion\u00f3 la desaparici\u00f3n de m\u00e1s de 30 periodistas entre 2003 y 2021, \u201cninguno de los cuales ha sido localizado\u201d.<\/span><\/p>\n<p class=\"p1\"><span style=\"font-size: 14pt;\">Y es en este punto donde puso el dedo en la llaga: \u201cEl Comit\u00e9 encontr\u00f3 que la alarmante tendencia al aumento de las desapariciones forzadas fue facilitada por la impunidad casi absoluta. Hasta noviembre del a\u00f1o pasado, solo un porcentaje muy peque\u00f1o de los casos de desaparici\u00f3n, entre el dos y el seis por ciento, hab\u00edan resultado en procesos penales, y solo se hab\u00edan dictado 36 condenas en casos a nivel nacional\u201d.<\/span><\/p>\n<p class=\"p1\"><span style=\"font-size: 14pt;\">\u201cLa impunidad en M\u00e9xico es un rasgo estructural que favorece la reproducci\u00f3n y el encubrimiento de las desapariciones forzadas y pone en peligro y causa zozobra a las v\u00edctimas, a quienes defienden y promueven sus derechos, a los servidores p\u00fablicos que buscan a las personas desaparecidas e investigan sus casos y a la sociedad en su conjunto\u201d, expuso el informe del Comit\u00e9 de la ONU, demoliendo la versi\u00f3n oficial del pa\u00eds donde no pasa nada que se cuenta sexenio tras sexenio.<\/span><\/p>\n<p class=\"p1\"><span style=\"font-size: 14pt;\">Mientras el presidente le entrega el pa\u00eds a militares y marinos, a quienes hizo un reconocimiento durante su informe pues \u201csin su lealtad y sin su entrega al pueblo, no tendr\u00edamos los mismos resultados en seguridad, desarrollo y bienestar\u201d, la ONU le pidi\u00f3 dar marcha atr\u00e1s.<\/span><\/p>\n<p class=\"p1\"><span style=\"font-size: 14pt;\">\u201cLa permanente participaci\u00f3n de la fuerza armada establecida en la reforma constitucional del 11 de mayo de 2021, a pesar de presentarse como \u2018extraordinaria, regulada, fiscalizada, subordinada y complementaria\u2019, permite poner en duda su conformidad con los est\u00e1ndares constitucionales e internacionales en materia de derechos humanos y seguridad ciudadana\u201d, sentencia el reporte.<\/span><\/p>\n<p class=\"p1\"><span style=\"font-size: 14pt;\">Que ser\u00e1 ignorado, mientras el pa\u00eds se sigue desangrando.<\/span><\/p>\n<p class=\"p1\"><span style=\"font-size: 14pt;\"><b>Asueto<\/b><\/span><\/p>\n<p class=\"p1\"><span style=\"font-size: 14pt;\">Para reflexionar, tomar energ\u00eda y cumplir con compromisos personales, la R\u00fabrica y su autor se tomar\u00e1n un descanso, para retornar a su publicaci\u00f3n el 25 de abril. Felices Pascuas a sus lectores y lectoras.<\/span><\/p>\n<p>&nbsp;<\/p>\n<p>&nbsp;<\/p>\n<p class=\"p1\"><strong>aureliocontreras@gmail.com<\/strong><\/p>\n<p class=\"p1\"><strong>@yeyocontreras<\/strong><\/p>\n<p>&nbsp;<\/p>\n<p>&nbsp;<\/p>\n","protected":false},"excerpt":{"rendered":"<p>&nbsp; Por Aurelio Contreras Moreno Todav\u00eda con la resaca del fiasco de la consulta de revocaci\u00f3n de mandato, el presidente<\/p>\n","protected":false},"author":4,"featured_media":3786,"comment_status":"closed","ping_status":"closed","sticky":false,"template":"","format":"standard","meta":{"colormag_page_container_layout":"default_layout","colormag_page_sidebar_layout":"default_layout","_jetpack_memberships_contains_paid_content":false,"footnotes":"","jetpack_publicize_message":"","jetpack_publicize_feature_enabled":true,"jetpack_social_post_already_shared":false,"jetpack_social_options":{"image_generator_settings":{"template":"highway","default_image_id":0,"font":"","enabled":false},"version":2}},"categories":[26],"tags":[],"class_list":["post-3809","post","type-post","status-publish","format-standard","has-post-thumbnail","hentry","category-columnistas"],"jetpack_publicize_connections":[],"jetpack_featured_media_url":"https:\/\/i0.wp.com\/politicosaldesnudo.com.mx\/wp-content\/uploads\/2022\/04\/AURELIO-CONTRERAS-MORENO.png?fit=1816%2C1016&ssl=1","jetpack-related-posts":[],"jetpack_sharing_enabled":true,"_links":{"self":[{"href":"https:\/\/politicosaldesnudo.com.mx\/index.php\/wp-json\/wp\/v2\/posts\/3809","targetHints":{"allow":["GET"]}}],"collection":[{"href":"https:\/\/politicosaldesnudo.com.mx\/index.php\/wp-json\/wp\/v2\/posts"}],"about":[{"href":"https:\/\/politicosaldesnudo.com.mx\/index.php\/wp-json\/wp\/v2\/types\/post"}],"author":[{"embeddable":true,"href":"https:\/\/politicosaldesnudo.com.mx\/index.php\/wp-json\/wp\/v2\/users\/4"}],"replies":[{"embeddable":true,"href":"https:\/\/politicosaldesnudo.com.mx\/index.php\/wp-json\/wp\/v2\/comments?post=3809"}],"version-history":[{"count":0,"href":"https:\/\/politicosaldesnudo.com.mx\/index.php\/wp-json\/wp\/v2\/posts\/3809\/revisions"}],"wp:featuredmedia":[{"embeddable":true,"href":"https:\/\/politicosaldesnudo.com.mx\/index.php\/wp-json\/wp\/v2\/media\/3786"}],"wp:attachment":[{"href":"https:\/\/politicosaldesnudo.com.mx\/index.php\/wp-json\/wp\/v2\/media?parent=3809"}],"wp:term":[{"taxonomy":"category","embeddable":true,"href":"https:\/\/politicosaldesnudo.com.mx\/index.php\/wp-json\/wp\/v2\/categories?post=3809"},{"taxonomy":"post_tag","embeddable":true,"href":"https:\/\/politicosaldesnudo.com.mx\/index.php\/wp-json\/wp\/v2\/tags?post=3809"}],"curies":[{"name":"wp","href":"https:\/\/api.w.org\/{rel}","templated":true}]}}